{"id":2533,"date":"2017-07-28T22:32:58","date_gmt":"2017-07-29T03:32:58","guid":{"rendered":"http:\/\/historias.myoutfie.com\/?p=2533"},"modified":"2017-07-28T22:32:58","modified_gmt":"2017-07-29T03:32:58","slug":"outfits-en-rojo-para-fiestas-patrias-peruanas","status":"publish","type":"post","link":"https:\/\/myoutfie.com\/es\/outfits-en-rojo-para-fiestas-patrias-peruanas\/","title":{"rendered":"Outfits en rojo para celebrar fiestas patrias peruanas"},"content":{"rendered":"<p>Llego el momento de sacar de estrenar un outfit nuevo estas fiestras patrias. Si te quedas en lima seguro habr\u00e1 mucha jarana en varias ciudades y no hay mejor idea que vivir el esp\u00edritu patrio con una prenda roja en tu outfit. Aqui te hemos preparado 15 outfits en rojo para celebrar las fiestas patrias con estilo y como siempre con nuestros consejos para ayudar a lucir la mejor versi\u00f3n de t\u00ed misma a trav\u00e9s de tu look.<\/p>\n<p>Toma nota de para qu\u00e9 tipo de cuerpo est\u00e1 recomendado cada uno. Puedes ingresar a ver el detalle de nuestros outfits para ver si tu tipo de cuerpo tambi\u00e9n hace match con nuestra propuesta.<\/p>\n<p>\u00a1Atr\u00e9vete a lucir el rojo en estas fiestas patrias peruanas!<\/p>\n<ol>\n<li>\n<h2>Outfits en rojo con vestidos \u00a0para eventos formales o de gala<\/h2>\n<\/li>\n<\/ol>\n<p>Si asistes a un coctel, fiesta de gala o evento oficial de alguna instituci\u00f3n corporativa, estos outfits son infalibles. Llevar\u00e1s el patriotismo con estilo al m\u00e1ximo y lucir\u00e1s sobria y sofisticada .<\/p>\n<p><img fetchpriority=\"high\" decoding=\"async\" class=\"aligncenter size-full wp-image-2545\" src=\"http:\/\/historias.myoutfie.com\/wp-content\/uploads\/2017\/07\/outfits-con-color-rojo-9.jpg\" alt=\"outfits con color rojo 9\" width=\"1024\" height=\"1700\" \/> <img decoding=\"async\" class=\"aligncenter size-full wp-image-2546\" src=\"http:\/\/historias.myoutfie.com\/wp-content\/uploads\/2017\/07\/outfits-en-color-rojo-10.jpg\" alt=\"outfits en color rojo 10\" width=\"831\" height=\"1200\" \/> <img decoding=\"async\" class=\"aligncenter size-full wp-image-2547\" src=\"http:\/\/historias.myoutfie.com\/wp-content\/uploads\/2017\/07\/outfits-en-color-rojo-11.jpg\" alt=\"outfits en color rojo 11\" width=\"910\" height=\"1287\" \/><\/p>\n<p><img loading=\"lazy\" decoding=\"async\" class=\"aligncenter size-full wp-image-2539\" src=\"http:\/\/historias.myoutfie.com\/wp-content\/uploads\/2017\/07\/IMAGEN-BLOG-42-1.png\" alt=\"outfits para boda\" width=\"558\" height=\"460\" \/><\/p>\n<p><a href=\"https:\/\/myoutfie.com\/es\/outfie\/6248\/\"><img loading=\"lazy\" decoding=\"async\" class=\"aligncenter size-full wp-image-2535\" src=\"http:\/\/historias.myoutfie.com\/wp-content\/uploads\/2017\/07\/IMAGEN-BLOG-41-1.png\" alt=\"outfits de coctel\" width=\"558\" height=\"460\" \/><\/a> <a href=\"https:\/\/myoutfie.com\/es\/outfie\/6241\/\"><img loading=\"lazy\" decoding=\"async\" class=\"aligncenter size-full wp-image-2537\" src=\"http:\/\/historias.myoutfie.com\/wp-content\/uploads\/2017\/07\/IMAGEN-BLOG-39-1.png\" alt=\"outfits para coctel\" width=\"558\" height=\"460\" \/><\/a><\/p>\n<p><a href=\"https:\/\/myoutfie.com\/es\/outfie\/6276\/\"><img loading=\"lazy\" decoding=\"async\" class=\"aligncenter size-full wp-image-2542\" src=\"http:\/\/historias.myoutfie.com\/wp-content\/uploads\/2017\/07\/IMAGEN-BLOG-45-1.png\" alt=\"outfits con vestido rojo\" width=\"558\" height=\"460\" \/><\/a><\/p>\n<p>&nbsp;<\/p>\n<p><img loading=\"lazy\" decoding=\"async\" class=\"aligncenter size-full wp-image-2543\" src=\"http:\/\/historias.myoutfie.com\/wp-content\/uploads\/2017\/07\/IMAGEN-BLOG-46-1.png\" alt=\"outfits con vestido rojo\" width=\"558\" height=\"460\" \/><\/p>\n<p><img loading=\"lazy\" decoding=\"async\" class=\"aligncenter size-full wp-image-2549\" src=\"http:\/\/historias.myoutfie.com\/wp-content\/uploads\/2017\/07\/outfits-con-color-rojo-8.jpg\" alt=\"outfits con color rojo 8\" width=\"790\" height=\"1185\" \/><\/p>\n<p><img loading=\"lazy\" decoding=\"async\" class=\"aligncenter size-full wp-image-2567\" src=\"http:\/\/historias.myoutfie.com\/wp-content\/uploads\/2017\/07\/outfits-con-color-rojo-3.jpg\" alt=\"outfits con color rojo 3\" width=\"1365\" height=\"2048\" \/><\/p>\n<p><a href=\"https:\/\/myoutfie.com\/es\/outfie\/6205\/\"><img loading=\"lazy\" decoding=\"async\" class=\"aligncenter size-full wp-image-2570\" src=\"http:\/\/historias.myoutfie.com\/wp-content\/uploads\/2017\/07\/IMAGEN-BLOG-48-1.png\" alt=\"IMAGEN BLOG (48)\" width=\"558\" height=\"460\" \/><\/a><\/p>\n<p><a href=\"https:\/\/myoutfie.com\/es\/outfie\/6202\/\"><img loading=\"lazy\" decoding=\"async\" class=\"aligncenter size-full wp-image-2572\" src=\"http:\/\/historias.myoutfie.com\/wp-content\/uploads\/2017\/07\/IMAGEN-BLOG-49-1.png\" alt=\"IMAGEN BLOG (49)\" width=\"558\" height=\"460\" \/><\/a><\/p>\n<h2>2. Outfits en rojo para almuerzos especiales:<\/h2>\n<p>Si tienes un almuerzo entre amigos que no ves hace buen tiempo y aprovechas el 28 para reunirte con ellos, por qu\u00e9 no llevar una prenda que resalte tu lado patri\u00f3tico? No olvides disfrutar con estos outfits un rico ceviche, un rico arroz con pato o por qu\u00e9 no una deliciosa carapulcra chinchana ;).<\/p>\n<p><img loading=\"lazy\" decoding=\"async\" class=\"aligncenter size-full wp-image-2548\" src=\"http:\/\/historias.myoutfie.com\/wp-content\/uploads\/2017\/07\/outfits-con-color-rojo-7.jpg\" alt=\"outfits con color rojo 7\" width=\"736\" height=\"1104\" \/><\/p>\n<p>&nbsp;<\/p>\n<p><img loading=\"lazy\" decoding=\"async\" class=\"aligncenter size-full wp-image-2541\" src=\"http:\/\/historias.myoutfie.com\/wp-content\/uploads\/2017\/07\/IMAGEN-BLOG-44-1.png\" alt=\"outifts con polo rojo\" width=\"558\" height=\"460\" \/><\/p>\n<p>&nbsp;<\/p>\n<p><a href=\"https:\/\/myoutfie.com\/es\/outfie\/6183\/\"><img loading=\"lazy\" decoding=\"async\" class=\"aligncenter wp-image-2573 size-full\" src=\"http:\/\/historias.myoutfie.com\/wp-content\/uploads\/2017\/07\/IMAGEN-BLOG-50-1.png\" alt=\"outfits en rojo para celebrar fiestas patrias\" width=\"558\" height=\"460\" \/><\/a><\/p>\n<p>&nbsp;<\/p>\n<h2>3. Outfits en rojo para salidas nocturnas casuales<\/h2>\n<p>Si lo que te gusta es salir a festejar el 28 de julio en una salida nocturna con tu grupo de amigos o persona favorita, un vestido en rojo es la mejor opci\u00f3n y pretexto para lucir espectacular y mostrar tu orgullo de ser peruana. Acompa\u00f1a tu tenida con un brindis con un rico chilcano o pisco sour!<\/p>\n<p><img loading=\"lazy\" decoding=\"async\" class=\"aligncenter size-full wp-image-2574\" src=\"http:\/\/historias.myoutfie.com\/wp-content\/uploads\/2017\/07\/outfits-con-color-rojo-12.jpg\" alt=\"outfits nocturnos con vestido rojo\" width=\"1500\" height=\"1000\" \/><\/p>\n<p>&nbsp;<\/p>\n<p class=\"alignnone\"><img loading=\"lazy\" decoding=\"async\" class=\"aligncenter size-full wp-image-2536\" src=\"http:\/\/historias.myoutfie.com\/wp-content\/uploads\/2017\/07\/IMAGEN-BLOG-40-1.png\" alt=\"outfits estilo rockero\" width=\"558\" height=\"460\" \/><\/p>\n<p class=\"alignnone\"><img loading=\"lazy\" decoding=\"async\" class=\"aligncenter size-full wp-image-2571\" src=\"http:\/\/historias.myoutfie.com\/wp-content\/uploads\/2017\/07\/IMAGEN-BLOG-47-1.png\" alt=\"outfits en rojo para salidas nocturnas\" width=\"558\" height=\"460\" \/> <img loading=\"lazy\" decoding=\"async\" class=\"aligncenter size-full wp-image-2540\" src=\"http:\/\/historias.myoutfie.com\/wp-content\/uploads\/2017\/07\/IMAGEN-BLOG-43-1.png\" alt=\"outfits para salidas casuales\" width=\"558\" height=\"460\" \/><\/p>\n<p>&nbsp;<\/p>\n<h2>4. Outfits para paseos :<\/h2>\n<p>Tienes pensado salir este fin de semana al campo o afueras de la ciudad? Lleva un accesorio en rojo como unas zapatillas y luce divina y con estilo patri\u00f3tico. Puedes atreverte con b\u00e1sicos como un cardigan o un vestido simple.<\/p>\n<p>&nbsp;<\/p>\n<p><img loading=\"lazy\" decoding=\"async\" class=\"aligncenter size-full wp-image-2569\" src=\"http:\/\/historias.myoutfie.com\/wp-content\/uploads\/2017\/07\/outfits-con-color-rojo-5.jpg\" alt=\"outfits con color rojo 5\" width=\"1800\" height=\"2701\" \/><\/p>\n<p><img loading=\"lazy\" decoding=\"async\" class=\"aligncenter size-full wp-image-2501\" src=\"http:\/\/historias.myoutfie.com\/wp-content\/uploads\/2017\/07\/IMAGEN-BLOG-43.png\" alt=\"outfits casuales con zapatillas\" width=\"558\" height=\"460\" \/><\/p>\n<p><img loading=\"lazy\" decoding=\"async\" class=\"aligncenter size-full wp-image-2518\" src=\"http:\/\/historias.myoutfie.com\/wp-content\/uploads\/2017\/07\/IMAGEN-BLOG-57.png\" alt=\"outfits casuales con zapatillas\" width=\"558\" height=\"460\" \/><\/p>\n<p><img loading=\"lazy\" decoding=\"async\" class=\"aligncenter wp-image-2510 size-full\" title=\"Outfits en rojo \" src=\"http:\/\/historias.myoutfie.com\/wp-content\/uploads\/2017\/07\/IMAGEN-BLOG-52.png\" alt=\"outfit para viajeras\" width=\"558\" height=\"460\" \/><\/p>\n<p>Saber tu tipo de cuerpo podr\u00e1 ayudarte a comprar sin problema ropa por internet y encontrar innumerables marcas con dise\u00f1os s\u00faper trendy y a precios s\u00faper accesibles.<\/p>\n<h2>Si aun no sabes qu\u00e9 tipo de cuerpo tienes, \u00a1no te preocupes! Reg\u00edstrate en nuestra app <strong><em><a href=\"https:\/\/myoutfie.com\/es\/\">AQUI <\/a><\/em><\/strong>y paso a paso podr\u00e1s identificarte con un tipo de cuerpo y escoger tus estilos. As\u00ed te recomendaremos el outfit perfecto para ti para cada ocasi\u00f3n.<\/h2>\n<p>&nbsp;<\/p>\n<p>&nbsp;<\/p>","protected":false},"excerpt":{"rendered":"<p>Llego el momento de sacar de estrenar un outfit nuevo estas fiestras patrias. Si te quedas en lima seguro habr\u00e1<\/p>","protected":false},"author":1,"featured_media":2566,"comment_status":"open","ping_status":"open","sticky":false,"template":"","format":"standard","meta":{"_acf_changed":false,"footnotes":""},"categories":[25,1],"tags":[438,42,439],"class_list":["post-2533","post","type-post","status-publish","format-standard","has-post-thumbnail","hentry","category-outfit","category-uncategorized","tag-fiestas-patrias","tag-outfits","tag-rojo"],"acf":[],"yoast_head":"<!-- This site is optimized with the Yoast SEO plugin v26.8 - https:\/\/yoast.com\/product\/yoast-seo-wordpress\/ -->\n<title>Outfits en rojo para fiestas patrias peruanas<\/title>\n<meta name=\"description\" content=\"Mas de 10 de outfits en rojo para que puedas lucir espl\u00e9ndida este fin de semana patrias!. Encuentra la que vaya acorde a tu tipo de cuerpo y estilo.\" \/>\n<meta name=\"robots\" content=\"index, follow, max-snippet:-1, max-image-preview:large, max-video-preview:-1\" \/>\n<link rel=\"canonical\" href=\"https:\/\/myoutfie.com\/es\/outfits-en-rojo-para-fiestas-patrias-peruanas\/\" \/>\n<meta property=\"og:locale\" content=\"es_MX\" \/>\n<meta property=\"og:type\" content=\"article\" \/>\n<meta property=\"og:title\" content=\"Outfits en rojo para fiestas patrias peruanas\" \/>\n<meta property=\"og:description\" content=\"Mas de 10 de outfits en rojo para que puedas lucir espl\u00e9ndida este fin de semana patrias!. Encuentra la que vaya acorde a tu tipo de cuerpo y estilo.\" \/>\n<meta property=\"og:url\" content=\"https:\/\/myoutfie.com\/es\/outfits-en-rojo-para-fiestas-patrias-peruanas\/\" \/>\n<meta property=\"og:site_name\" content=\"Outfie\" \/>\n<meta property=\"article:publisher\" content=\"https:\/\/www.facebook.com\/outfieoficial\" \/>\n<meta property=\"article:published_time\" content=\"2017-07-29T03:32:58+00:00\" \/>\n<meta name=\"author\" content=\"Administrador\" \/>\n<meta name=\"twitter:card\" content=\"summary_large_image\" \/>\n<meta name=\"twitter:label1\" content=\"Escrito por\" \/>\n\t<meta name=\"twitter:data1\" content=\"Administrador\" \/>\n\t<meta name=\"twitter:label2\" content=\"Tiempo de lectura\" \/>\n\t<meta name=\"twitter:data2\" content=\"2 minutos\" \/>\n<script type=\"application\/ld+json\" class=\"yoast-schema-graph\">{\"@context\":\"https:\/\/schema.org\",\"@graph\":[{\"@type\":\"Article\",\"@id\":\"https:\/\/myoutfie.com\/outfits-en-rojo-para-fiestas-patrias-peruanas\/#article\",\"isPartOf\":{\"@id\":\"https:\/\/myoutfie.com\/outfits-en-rojo-para-fiestas-patrias-peruanas\/\"},\"author\":{\"name\":\"Administrador\",\"@id\":\"https:\/\/myoutfie.com\/#\/schema\/person\/de6505ffeb6f7ee2c40acf94d2bae426\"},\"headline\":\"Outfits en rojo para celebrar fiestas patrias peruanas\",\"datePublished\":\"2017-07-29T03:32:58+00:00\",\"mainEntityOfPage\":{\"@id\":\"https:\/\/myoutfie.com\/outfits-en-rojo-para-fiestas-patrias-peruanas\/\"},\"wordCount\":435,\"commentCount\":0,\"publisher\":{\"@id\":\"https:\/\/myoutfie.com\/#organization\"},\"image\":{\"@id\":\"https:\/\/myoutfie.com\/outfits-en-rojo-para-fiestas-patrias-peruanas\/#primaryimage\"},\"thumbnailUrl\":\"\",\"keywords\":[\"fiestas patrias\",\"outfits\",\"rojo\"],\"articleSection\":[\"Outfit\",\"Uncategorized\"],\"inLanguage\":\"es\"},{\"@type\":\"WebPage\",\"@id\":\"https:\/\/myoutfie.com\/outfits-en-rojo-para-fiestas-patrias-peruanas\/\",\"url\":\"https:\/\/myoutfie.com\/outfits-en-rojo-para-fiestas-patrias-peruanas\/\",\"name\":\"Outfits en rojo para fiestas patrias peruanas\",\"isPartOf\":{\"@id\":\"https:\/\/myoutfie.com\/#website\"},\"primaryImageOfPage\":{\"@id\":\"https:\/\/myoutfie.com\/outfits-en-rojo-para-fiestas-patrias-peruanas\/#primaryimage\"},\"image\":{\"@id\":\"https:\/\/myoutfie.com\/outfits-en-rojo-para-fiestas-patrias-peruanas\/#primaryimage\"},\"thumbnailUrl\":\"\",\"datePublished\":\"2017-07-29T03:32:58+00:00\",\"description\":\"Mas de 10 de outfits en rojo para que puedas lucir espl\u00e9ndida este fin de semana patrias!. Encuentra la que vaya acorde a tu tipo de cuerpo y estilo.\",\"breadcrumb\":{\"@id\":\"https:\/\/myoutfie.com\/outfits-en-rojo-para-fiestas-patrias-peruanas\/#breadcrumb\"},\"inLanguage\":\"es\",\"potentialAction\":[{\"@type\":\"ReadAction\",\"target\":[\"https:\/\/myoutfie.com\/outfits-en-rojo-para-fiestas-patrias-peruanas\/\"]}]},{\"@type\":\"ImageObject\",\"inLanguage\":\"es\",\"@id\":\"https:\/\/myoutfie.com\/outfits-en-rojo-para-fiestas-patrias-peruanas\/#primaryimage\",\"url\":\"\",\"contentUrl\":\"\"},{\"@type\":\"BreadcrumbList\",\"@id\":\"https:\/\/myoutfie.com\/outfits-en-rojo-para-fiestas-patrias-peruanas\/#breadcrumb\",\"itemListElement\":[{\"@type\":\"ListItem\",\"position\":1,\"name\":\"Home\",\"item\":\"https:\/\/myoutfie.com\/\"},{\"@type\":\"ListItem\",\"position\":2,\"name\":\"Outfits en rojo para celebrar fiestas patrias peruanas\"}]},{\"@type\":\"WebSite\",\"@id\":\"https:\/\/myoutfie.com\/#website\",\"url\":\"https:\/\/myoutfie.com\/\",\"name\":\"Outfie\",\"description\":\"Asesoria de imagen, cursos de moda personal y nuestra tienda online de ropa y accesorios para optimizar tu closet\",\"publisher\":{\"@id\":\"https:\/\/myoutfie.com\/#organization\"},\"potentialAction\":[{\"@type\":\"SearchAction\",\"target\":{\"@type\":\"EntryPoint\",\"urlTemplate\":\"https:\/\/myoutfie.com\/?s={search_term_string}\"},\"query-input\":{\"@type\":\"PropertyValueSpecification\",\"valueRequired\":true,\"valueName\":\"search_term_string\"}}],\"inLanguage\":\"es\"},{\"@type\":\"Organization\",\"@id\":\"https:\/\/myoutfie.com\/#organization\",\"name\":\"Outfie\",\"url\":\"https:\/\/myoutfie.com\/\",\"logo\":{\"@type\":\"ImageObject\",\"inLanguage\":\"es\",\"@id\":\"https:\/\/myoutfie.com\/#\/schema\/logo\/image\/\",\"url\":\"https:\/\/myoutfie.com\/wp-content\/uploads\/2024\/11\/logo-nuevo-negro-100-px.png\",\"contentUrl\":\"https:\/\/myoutfie.com\/wp-content\/uploads\/2024\/11\/logo-nuevo-negro-100-px.png\",\"width\":100,\"height\":22,\"caption\":\"Outfie\"},\"image\":{\"@id\":\"https:\/\/myoutfie.com\/#\/schema\/logo\/image\/\"},\"sameAs\":[\"https:\/\/www.facebook.com\/outfieoficial\",\"https:\/\/www.pinterest.com\/outfie\"]},{\"@type\":\"Person\",\"@id\":\"https:\/\/myoutfie.com\/#\/schema\/person\/de6505ffeb6f7ee2c40acf94d2bae426\",\"name\":\"Administrador\",\"image\":{\"@type\":\"ImageObject\",\"inLanguage\":\"es\",\"@id\":\"https:\/\/myoutfie.com\/#\/schema\/person\/image\/\",\"url\":\"https:\/\/secure.gravatar.com\/avatar\/a339dd734eeb0fd1f98ec8acfb679ae1?s=96&d=mm&r=g\",\"contentUrl\":\"https:\/\/secure.gravatar.com\/avatar\/a339dd734eeb0fd1f98ec8acfb679ae1?s=96&d=mm&r=g\",\"caption\":\"Administrador\"},\"sameAs\":[\"https:\/\/myoutfie.com\"]}]}<\/script>\n<!-- \/ Yoast SEO plugin. -->","yoast_head_json":{"title":"Outfits en rojo para fiestas patrias peruanas","description":"Mas de 10 de outfits en rojo para que puedas lucir espl\u00e9ndida este fin de semana patrias!. Encuentra la que vaya acorde a tu tipo de cuerpo y estilo.","robots":{"index":"index","follow":"follow","max-snippet":"max-snippet:-1","max-image-preview":"max-image-preview:large","max-video-preview":"max-video-preview:-1"},"canonical":"https:\/\/myoutfie.com\/es\/outfits-en-rojo-para-fiestas-patrias-peruanas\/","og_locale":"es_MX","og_type":"article","og_title":"Outfits en rojo para fiestas patrias peruanas","og_description":"Mas de 10 de outfits en rojo para que puedas lucir espl\u00e9ndida este fin de semana patrias!. Encuentra la que vaya acorde a tu tipo de cuerpo y estilo.","og_url":"https:\/\/myoutfie.com\/es\/outfits-en-rojo-para-fiestas-patrias-peruanas\/","og_site_name":"Outfie","article_publisher":"https:\/\/www.facebook.com\/outfieoficial","article_published_time":"2017-07-29T03:32:58+00:00","author":"Administrador","twitter_card":"summary_large_image","twitter_misc":{"Escrito por":"Administrador","Tiempo de lectura":"2 minutos"},"schema":{"@context":"https:\/\/schema.org","@graph":[{"@type":"Article","@id":"https:\/\/myoutfie.com\/outfits-en-rojo-para-fiestas-patrias-peruanas\/#article","isPartOf":{"@id":"https:\/\/myoutfie.com\/outfits-en-rojo-para-fiestas-patrias-peruanas\/"},"author":{"name":"Administrador","@id":"https:\/\/myoutfie.com\/#\/schema\/person\/de6505ffeb6f7ee2c40acf94d2bae426"},"headline":"Outfits en rojo para celebrar fiestas patrias peruanas","datePublished":"2017-07-29T03:32:58+00:00","mainEntityOfPage":{"@id":"https:\/\/myoutfie.com\/outfits-en-rojo-para-fiestas-patrias-peruanas\/"},"wordCount":435,"commentCount":0,"publisher":{"@id":"https:\/\/myoutfie.com\/#organization"},"image":{"@id":"https:\/\/myoutfie.com\/outfits-en-rojo-para-fiestas-patrias-peruanas\/#primaryimage"},"thumbnailUrl":"","keywords":["fiestas patrias","outfits","rojo"],"articleSection":["Outfit","Uncategorized"],"inLanguage":"es"},{"@type":"WebPage","@id":"https:\/\/myoutfie.com\/outfits-en-rojo-para-fiestas-patrias-peruanas\/","url":"https:\/\/myoutfie.com\/outfits-en-rojo-para-fiestas-patrias-peruanas\/","name":"Outfits en rojo para fiestas patrias peruanas","isPartOf":{"@id":"https:\/\/myoutfie.com\/#website"},"primaryImageOfPage":{"@id":"https:\/\/myoutfie.com\/outfits-en-rojo-para-fiestas-patrias-peruanas\/#primaryimage"},"image":{"@id":"https:\/\/myoutfie.com\/outfits-en-rojo-para-fiestas-patrias-peruanas\/#primaryimage"},"thumbnailUrl":"","datePublished":"2017-07-29T03:32:58+00:00","description":"Mas de 10 de outfits en rojo para que puedas lucir espl\u00e9ndida este fin de semana patrias!. Encuentra la que vaya acorde a tu tipo de cuerpo y estilo.","breadcrumb":{"@id":"https:\/\/myoutfie.com\/outfits-en-rojo-para-fiestas-patrias-peruanas\/#breadcrumb"},"inLanguage":"es","potentialAction":[{"@type":"ReadAction","target":["https:\/\/myoutfie.com\/outfits-en-rojo-para-fiestas-patrias-peruanas\/"]}]},{"@type":"ImageObject","inLanguage":"es","@id":"https:\/\/myoutfie.com\/outfits-en-rojo-para-fiestas-patrias-peruanas\/#primaryimage","url":"","contentUrl":""},{"@type":"BreadcrumbList","@id":"https:\/\/myoutfie.com\/outfits-en-rojo-para-fiestas-patrias-peruanas\/#breadcrumb","itemListElement":[{"@type":"ListItem","position":1,"name":"Home","item":"https:\/\/myoutfie.com\/"},{"@type":"ListItem","position":2,"name":"Outfits en rojo para celebrar fiestas patrias peruanas"}]},{"@type":"WebSite","@id":"https:\/\/myoutfie.com\/#website","url":"https:\/\/myoutfie.com\/","name":"Outfie","description":"Asesoria de imagen, cursos de moda personal y nuestra tienda online de ropa y accesorios para optimizar tu closet","publisher":{"@id":"https:\/\/myoutfie.com\/#organization"},"potentialAction":[{"@type":"SearchAction","target":{"@type":"EntryPoint","urlTemplate":"https:\/\/myoutfie.com\/?s={search_term_string}"},"query-input":{"@type":"PropertyValueSpecification","valueRequired":true,"valueName":"search_term_string"}}],"inLanguage":"es"},{"@type":"Organization","@id":"https:\/\/myoutfie.com\/#organization","name":"Outfie","url":"https:\/\/myoutfie.com\/","logo":{"@type":"ImageObject","inLanguage":"es","@id":"https:\/\/myoutfie.com\/#\/schema\/logo\/image\/","url":"https:\/\/myoutfie.com\/wp-content\/uploads\/2024\/11\/logo-nuevo-negro-100-px.png","contentUrl":"https:\/\/myoutfie.com\/wp-content\/uploads\/2024\/11\/logo-nuevo-negro-100-px.png","width":100,"height":22,"caption":"Outfie"},"image":{"@id":"https:\/\/myoutfie.com\/#\/schema\/logo\/image\/"},"sameAs":["https:\/\/www.facebook.com\/outfieoficial","https:\/\/www.pinterest.com\/outfie"]},{"@type":"Person","@id":"https:\/\/myoutfie.com\/#\/schema\/person\/de6505ffeb6f7ee2c40acf94d2bae426","name":"Administrador","image":{"@type":"ImageObject","inLanguage":"es","@id":"https:\/\/myoutfie.com\/#\/schema\/person\/image\/","url":"https:\/\/secure.gravatar.com\/avatar\/a339dd734eeb0fd1f98ec8acfb679ae1?s=96&d=mm&r=g","contentUrl":"https:\/\/secure.gravatar.com\/avatar\/a339dd734eeb0fd1f98ec8acfb679ae1?s=96&d=mm&r=g","caption":"Administrador"},"sameAs":["https:\/\/myoutfie.com"]}]}},"_links":{"self":[{"href":"https:\/\/myoutfie.com\/es\/wp-json\/wp\/v2\/posts\/2533","targetHints":{"allow":["GET"]}}],"collection":[{"href":"https:\/\/myoutfie.com\/es\/wp-json\/wp\/v2\/posts"}],"about":[{"href":"https:\/\/myoutfie.com\/es\/wp-json\/wp\/v2\/types\/post"}],"author":[{"embeddable":true,"href":"https:\/\/myoutfie.com\/es\/wp-json\/wp\/v2\/users\/1"}],"replies":[{"embeddable":true,"href":"https:\/\/myoutfie.com\/es\/wp-json\/wp\/v2\/comments?post=2533"}],"version-history":[{"count":0,"href":"https:\/\/myoutfie.com\/es\/wp-json\/wp\/v2\/posts\/2533\/revisions"}],"wp:featuredmedia":[{"embeddable":true,"href":"https:\/\/myoutfie.com\/es\/wp-json\/"}],"wp:attachment":[{"href":"https:\/\/myoutfie.com\/es\/wp-json\/wp\/v2\/media?parent=2533"}],"wp:term":[{"taxonomy":"category","embeddable":true,"href":"https:\/\/myoutfie.com\/es\/wp-json\/wp\/v2\/categories?post=2533"},{"taxonomy":"post_tag","embeddable":true,"href":"https:\/\/myoutfie.com\/es\/wp-json\/wp\/v2\/tags?post=2533"}],"curies":[{"name":"wp","href":"https:\/\/api.w.org\/{rel}","templated":true}]}}