{"id":6439,"date":"2019-11-15T14:43:56","date_gmt":"2019-11-15T19:43:56","guid":{"rendered":"https:\/\/www.myoutfie.com\/historias\/?p=6439"},"modified":"2019-11-15T14:43:56","modified_gmt":"2019-11-15T19:43:56","slug":"outfit-para-ejecutivos","status":"publish","type":"post","link":"https:\/\/myoutfie.com\/es\/outfit-para-ejecutivos\/","title":{"rendered":"Outfit para ejecutivos: C\u00f3mo lograr una imagen de impacto"},"content":{"rendered":"<div>\n<div>\n<div class=\"x_1811663456zmail_extra\">\n<blockquote>\n<div>\n<div>\u00bf Qu\u00e9 es un ejecutivo? \u00bfTe consideras un Ejecutivo? \u00bfTienes el outfit para Ejecutivos?<\/div>\n<div><\/div>\n<div>Un ejecutivo es una persona que es integrante de una comisi\u00f3n o que ejerce un cargo de alta direcci\u00f3n dentro de una empresa u organizaci\u00f3n.Son ejecutivos aquellas personas que desempe\u00f1an un papel Importante en una empresa, aquel que trabaja en el \u00e1rea comercial, recursos humanos, Abogados, trabajar en el sector financiero, Sector p\u00fablico, empresas transnacionales. Suelen recibir salarios elevados y suelen tener la obligaci\u00f3n de vestir de manera formal.<\/div>\n<div><\/div>\n<div>Por eso debes escoger bien el Outfit para Ejecutivos.\u00bfYa te identif\u00edcaste?<\/div>\n<div>Si es as\u00ed, tienes que saber y tener en consideraci\u00f3n algunos puntos importantes.que a continuaci\u00f3n te especificaremos:<\/div>\n<div><\/div>\n<p><a href=\"https:\/\/www.myoutfie.com\/historias\/wp-content\/uploads\/2019\/11\/outfit-ejecutivo-2.jpg\"><img fetchpriority=\"high\" decoding=\"async\" class=\"wp-image-6443 size-full aligncenter\" src=\"https:\/\/www.myoutfie.com\/historias\/wp-content\/uploads\/2019\/11\/outfit-ejecutivo-2.jpg\" alt=\"outfit ejecutivo\" width=\"358\" height=\"491\" \/><\/a><\/p>\n<h2>El\u00a0 Outfit para Ejecutivos<\/h2>\n<div>1. Identificar tu forma de cuerpo, tomando medidas y con accesorios adecuados identificaremos la morfolog\u00eda del cuerpo.<\/div>\n<div>2. Saber tu paleta de colores, haremos la prueba de pa\u00f1uelos y definiremos cual es la temperatura de piel y los colores adecuados a usar.<\/div>\n<div>3. Saber el c\u00f3digo de vestimenta de tu empresa, en toda empresa hay un c\u00f3digo que se debe respetar.<\/div>\n<div><a href=\"https:\/\/www.myoutfie.com\/historias\/wp-content\/uploads\/2019\/11\/7b77690255d3b296ba3abad4e48bb9e2.jpg\"><img decoding=\"async\" class=\"aligncenter wp-image-6445 size-full\" src=\"https:\/\/www.myoutfie.com\/historias\/wp-content\/uploads\/2019\/11\/7b77690255d3b296ba3abad4e48bb9e2.jpg\" alt=\"Outfit ejecutivo\" width=\"564\" height=\"845\" \/><\/a><\/div>\n<div><a href=\"https:\/\/myoutfie.com\/es\/historias\/asesoria-de-imagen-ejecutiva\/\" target=\"_blank\" rel=\"noopener\"><img decoding=\"async\" class=\"aligncenter wp-image-6369 size-full\" title=\"asesoria de imagen ejecutivoa\" src=\"https:\/\/www.myoutfie.com\/historias\/wp-content\/uploads\/2019\/11\/6.png\" alt=\"imagen-personal-masculina\" width=\"560\" height=\"315\" \/><\/a><\/div>\n<div><\/div>\n<div><a href=\"https:\/\/www.myoutfie.com\/historias\/wp-content\/uploads\/2019\/11\/look-hombre.jpg\"><img loading=\"lazy\" decoding=\"async\" class=\"aligncenter wp-image-6444 size-full\" src=\"https:\/\/www.myoutfie.com\/historias\/wp-content\/uploads\/2019\/11\/look-hombre.jpg\" alt=\"outfit ejecutivo\" width=\"564\" height=\"564\" \/><\/a><\/div>\n<div>4. Saber y tener en claro cu\u00e1l es tu estilo, con un test podremos averiguarlo y reconocer el estilo.<\/div>\n<div>5. Saber comprar y elegir tus prendas sabiendo los puntos anteriores, con el circuito de tiendas , estilo, colores haremos compras inteligentes.<\/div>\n<div>6. Llevar con elegancia tus trajes sabiendo c\u00f3mo combinarlos y formando outfits adecuados a estilo, cuerpo y colores.<\/div>\n<div>7. Saber combinar tus prendas con tus accesorios, saber que correa, lentes, pa\u00f1uelos, reloj, lapicero, se deben usar.<\/div>\n<div><\/div>\n<div>8. Usar los zapatos adecuados para cada traje.<\/div>\n<div><\/div>\n<div><a href=\"https:\/\/www.myoutfie.com\/historias\/wp-content\/uploads\/2019\/11\/zapatos-ejecutivos.jpg\"><img loading=\"lazy\" decoding=\"async\" class=\"alignnone wp-image-6447 size-full\" src=\"https:\/\/www.myoutfie.com\/historias\/wp-content\/uploads\/2019\/11\/zapatos-ejecutivos.jpg\" alt=\"outfit ejecutivo\" width=\"955\" height=\"1000\" \/><\/a><\/div>\n<div><\/div>\n<div>9. Usar la talla correcta, pasa muy a menudo que no compramos la talla adecuada o no se lleva a un sastre arreglar.<\/div>\n<div>10. Tener un closet funcional con b\u00e1sicos indispensables y de buena calidad, con orden por colores, tipo de prendas y uso de ellas.<\/div>\n<\/div>\n<div><a href=\"https:\/\/www.myoutfie.com\/historias\/wp-content\/uploads\/2019\/11\/5.png\" target=\"_blank\" rel=\"https:\/\/www.myoutfie.com\/historias\/asesoria-de-imagen-ejecutiva\/ noopener\"><img loading=\"lazy\" decoding=\"async\" class=\"aligncenter wp-image-6370 size-full\" title=\"asesora de imagen\" src=\"https:\/\/www.myoutfie.com\/historias\/wp-content\/uploads\/2019\/11\/5.png\" alt=\"imagen-personal-masculina\" width=\"560\" height=\"315\" \/><\/a><\/div>\n<div><\/div>\n<div><a href=\"https:\/\/www.myoutfie.com\/historias\/wp-content\/uploads\/2019\/11\/outfit-hombre.jpg\"><img loading=\"lazy\" decoding=\"async\" class=\"aligncenter wp-image-6449 size-full\" src=\"https:\/\/www.myoutfie.com\/historias\/wp-content\/uploads\/2019\/11\/outfit-hombre.jpg\" alt=\"\" width=\"564\" height=\"844\" \/><\/a><\/div>\n<div>\n<div>Tienes el Outfit para Ejecutivos?<\/div>\n<div>Debes tener en cuenta siempre que la primera impresi\u00f3n es importante, debes ser cuidadoso y en lo posible siempre estar bien presentable.<\/div>\n<div>Como te ven te tratan. As\u00ed que solo depende de ti que siempre est\u00e9s correctamente vestido, haciendo que los dem\u00e1s te vean y quieran ser\u00a0 como tu o al menos imitar como te vistes.<\/div>\n<\/div>\n<div>Si quieres asesor\u00eda de imagen para caballeros haz click<a href=\"https:\/\/myoutfie.com\/es\/historias\/asesoria-de-imagen-ejecutiva\/\"> AQUI<\/a><\/div>\n<\/blockquote>\n<div>\u00a0<a href=\"https:\/\/www.myoutfie.com\/historias\/wp-content\/uploads\/2018\/06\/pERFIL-Carola.png\"><img loading=\"lazy\" decoding=\"async\" class=\"alignnone wp-image-3295 size-full\" src=\"https:\/\/www.myoutfie.com\/historias\/wp-content\/uploads\/2018\/06\/pERFIL-Carola.png\" alt=\"Asesora de imagen personal y profesional\" width=\"1000\" height=\"150\" \/><\/a><\/div>\n<\/div>\n<\/div>\n<\/div>","protected":false},"excerpt":{"rendered":"<p>\u00bf Qu\u00e9 es un ejecutivo? \u00bfTe consideras un Ejecutivo? \u00bfTienes el outfit para Ejecutivos? Un ejecutivo es una persona que<\/p>","protected":false},"author":1,"featured_media":6445,"comment_status":"open","ping_status":"open","sticky":false,"template":"","format":"standard","meta":{"_acf_changed":false,"footnotes":""},"categories":[1],"tags":[],"class_list":["post-6439","post","type-post","status-publish","format-standard","has-post-thumbnail","hentry","category-uncategorized"],"acf":[],"yoast_head":"<!-- This site is optimized with the Yoast SEO plugin v26.8 - https:\/\/yoast.com\/product\/yoast-seo-wordpress\/ -->\n<title>Outfit para ejecutivos: C\u00f3mo lograr una imagen de impacto -<\/title>\n<meta name=\"description\" content=\"Outfit para ejecutivos: C\u00f3mo lograr una imagen de impacto\" \/>\n<meta name=\"robots\" content=\"index, follow, max-snippet:-1, max-image-preview:large, max-video-preview:-1\" \/>\n<link rel=\"canonical\" href=\"https:\/\/myoutfie.com\/es\/outfit-para-ejecutivos\/\" \/>\n<meta property=\"og:locale\" content=\"es_MX\" \/>\n<meta property=\"og:type\" content=\"article\" \/>\n<meta property=\"og:title\" content=\"Outfit para ejecutivos: C\u00f3mo lograr una imagen de impacto -\" \/>\n<meta property=\"og:description\" content=\"Outfit para ejecutivos: C\u00f3mo lograr una imagen de impacto\" \/>\n<meta property=\"og:url\" content=\"https:\/\/myoutfie.com\/es\/outfit-para-ejecutivos\/\" \/>\n<meta property=\"og:site_name\" content=\"Outfie\" \/>\n<meta property=\"article:publisher\" content=\"https:\/\/www.facebook.com\/outfieoficial\" \/>\n<meta property=\"article:published_time\" content=\"2019-11-15T19:43:56+00:00\" \/>\n<meta name=\"author\" content=\"Administrador\" \/>\n<meta name=\"twitter:card\" content=\"summary_large_image\" \/>\n<meta name=\"twitter:label1\" content=\"Escrito por\" \/>\n\t<meta name=\"twitter:data1\" content=\"Administrador\" \/>\n\t<meta name=\"twitter:label2\" content=\"Tiempo de lectura\" \/>\n\t<meta name=\"twitter:data2\" content=\"2 minutos\" \/>\n<script type=\"application\/ld+json\" class=\"yoast-schema-graph\">{\"@context\":\"https:\/\/schema.org\",\"@graph\":[{\"@type\":\"Article\",\"@id\":\"https:\/\/myoutfie.com\/outfit-para-ejecutivos\/#article\",\"isPartOf\":{\"@id\":\"https:\/\/myoutfie.com\/outfit-para-ejecutivos\/\"},\"author\":{\"name\":\"Administrador\",\"@id\":\"https:\/\/myoutfie.com\/#\/schema\/person\/de6505ffeb6f7ee2c40acf94d2bae426\"},\"headline\":\"Outfit para ejecutivos: C\u00f3mo lograr una imagen de impacto\",\"datePublished\":\"2019-11-15T19:43:56+00:00\",\"mainEntityOfPage\":{\"@id\":\"https:\/\/myoutfie.com\/outfit-para-ejecutivos\/\"},\"wordCount\":400,\"commentCount\":0,\"publisher\":{\"@id\":\"https:\/\/myoutfie.com\/#organization\"},\"image\":{\"@id\":\"https:\/\/myoutfie.com\/outfit-para-ejecutivos\/#primaryimage\"},\"thumbnailUrl\":\"\",\"articleSection\":[\"Uncategorized\"],\"inLanguage\":\"es\"},{\"@type\":\"WebPage\",\"@id\":\"https:\/\/myoutfie.com\/outfit-para-ejecutivos\/\",\"url\":\"https:\/\/myoutfie.com\/outfit-para-ejecutivos\/\",\"name\":\"Outfit para ejecutivos: C\u00f3mo lograr una imagen de impacto -\",\"isPartOf\":{\"@id\":\"https:\/\/myoutfie.com\/#website\"},\"primaryImageOfPage\":{\"@id\":\"https:\/\/myoutfie.com\/outfit-para-ejecutivos\/#primaryimage\"},\"image\":{\"@id\":\"https:\/\/myoutfie.com\/outfit-para-ejecutivos\/#primaryimage\"},\"thumbnailUrl\":\"\",\"datePublished\":\"2019-11-15T19:43:56+00:00\",\"description\":\"Outfit para ejecutivos: C\u00f3mo lograr una imagen de impacto\",\"breadcrumb\":{\"@id\":\"https:\/\/myoutfie.com\/outfit-para-ejecutivos\/#breadcrumb\"},\"inLanguage\":\"es\",\"potentialAction\":[{\"@type\":\"ReadAction\",\"target\":[\"https:\/\/myoutfie.com\/outfit-para-ejecutivos\/\"]}]},{\"@type\":\"ImageObject\",\"inLanguage\":\"es\",\"@id\":\"https:\/\/myoutfie.com\/outfit-para-ejecutivos\/#primaryimage\",\"url\":\"\",\"contentUrl\":\"\"},{\"@type\":\"BreadcrumbList\",\"@id\":\"https:\/\/myoutfie.com\/outfit-para-ejecutivos\/#breadcrumb\",\"itemListElement\":[{\"@type\":\"ListItem\",\"position\":1,\"name\":\"Home\",\"item\":\"https:\/\/myoutfie.com\/\"},{\"@type\":\"ListItem\",\"position\":2,\"name\":\"Outfit para ejecutivos: C\u00f3mo lograr una imagen de impacto\"}]},{\"@type\":\"WebSite\",\"@id\":\"https:\/\/myoutfie.com\/#website\",\"url\":\"https:\/\/myoutfie.com\/\",\"name\":\"Outfie\",\"description\":\"Asesoria de imagen, cursos de moda personal y nuestra tienda online de ropa y accesorios para optimizar tu closet\",\"publisher\":{\"@id\":\"https:\/\/myoutfie.com\/#organization\"},\"potentialAction\":[{\"@type\":\"SearchAction\",\"target\":{\"@type\":\"EntryPoint\",\"urlTemplate\":\"https:\/\/myoutfie.com\/?s={search_term_string}\"},\"query-input\":{\"@type\":\"PropertyValueSpecification\",\"valueRequired\":true,\"valueName\":\"search_term_string\"}}],\"inLanguage\":\"es\"},{\"@type\":\"Organization\",\"@id\":\"https:\/\/myoutfie.com\/#organization\",\"name\":\"Outfie\",\"url\":\"https:\/\/myoutfie.com\/\",\"logo\":{\"@type\":\"ImageObject\",\"inLanguage\":\"es\",\"@id\":\"https:\/\/myoutfie.com\/#\/schema\/logo\/image\/\",\"url\":\"https:\/\/myoutfie.com\/wp-content\/uploads\/2024\/11\/logo-nuevo-negro-100-px.png\",\"contentUrl\":\"https:\/\/myoutfie.com\/wp-content\/uploads\/2024\/11\/logo-nuevo-negro-100-px.png\",\"width\":100,\"height\":22,\"caption\":\"Outfie\"},\"image\":{\"@id\":\"https:\/\/myoutfie.com\/#\/schema\/logo\/image\/\"},\"sameAs\":[\"https:\/\/www.facebook.com\/outfieoficial\",\"https:\/\/www.pinterest.com\/outfie\"]},{\"@type\":\"Person\",\"@id\":\"https:\/\/myoutfie.com\/#\/schema\/person\/de6505ffeb6f7ee2c40acf94d2bae426\",\"name\":\"Administrador\",\"image\":{\"@type\":\"ImageObject\",\"inLanguage\":\"es\",\"@id\":\"https:\/\/myoutfie.com\/#\/schema\/person\/image\/\",\"url\":\"https:\/\/secure.gravatar.com\/avatar\/a339dd734eeb0fd1f98ec8acfb679ae1?s=96&d=mm&r=g\",\"contentUrl\":\"https:\/\/secure.gravatar.com\/avatar\/a339dd734eeb0fd1f98ec8acfb679ae1?s=96&d=mm&r=g\",\"caption\":\"Administrador\"},\"sameAs\":[\"https:\/\/myoutfie.com\"]}]}<\/script>\n<!-- \/ Yoast SEO plugin. -->","yoast_head_json":{"title":"Outfit para ejecutivos: C\u00f3mo lograr una imagen de impacto -","description":"Outfit para ejecutivos: C\u00f3mo lograr una imagen de impacto","robots":{"index":"index","follow":"follow","max-snippet":"max-snippet:-1","max-image-preview":"max-image-preview:large","max-video-preview":"max-video-preview:-1"},"canonical":"https:\/\/myoutfie.com\/es\/outfit-para-ejecutivos\/","og_locale":"es_MX","og_type":"article","og_title":"Outfit para ejecutivos: C\u00f3mo lograr una imagen de impacto -","og_description":"Outfit para ejecutivos: C\u00f3mo lograr una imagen de impacto","og_url":"https:\/\/myoutfie.com\/es\/outfit-para-ejecutivos\/","og_site_name":"Outfie","article_publisher":"https:\/\/www.facebook.com\/outfieoficial","article_published_time":"2019-11-15T19:43:56+00:00","author":"Administrador","twitter_card":"summary_large_image","twitter_misc":{"Escrito por":"Administrador","Tiempo de lectura":"2 minutos"},"schema":{"@context":"https:\/\/schema.org","@graph":[{"@type":"Article","@id":"https:\/\/myoutfie.com\/outfit-para-ejecutivos\/#article","isPartOf":{"@id":"https:\/\/myoutfie.com\/outfit-para-ejecutivos\/"},"author":{"name":"Administrador","@id":"https:\/\/myoutfie.com\/#\/schema\/person\/de6505ffeb6f7ee2c40acf94d2bae426"},"headline":"Outfit para ejecutivos: C\u00f3mo lograr una imagen de impacto","datePublished":"2019-11-15T19:43:56+00:00","mainEntityOfPage":{"@id":"https:\/\/myoutfie.com\/outfit-para-ejecutivos\/"},"wordCount":400,"commentCount":0,"publisher":{"@id":"https:\/\/myoutfie.com\/#organization"},"image":{"@id":"https:\/\/myoutfie.com\/outfit-para-ejecutivos\/#primaryimage"},"thumbnailUrl":"","articleSection":["Uncategorized"],"inLanguage":"es"},{"@type":"WebPage","@id":"https:\/\/myoutfie.com\/outfit-para-ejecutivos\/","url":"https:\/\/myoutfie.com\/outfit-para-ejecutivos\/","name":"Outfit para ejecutivos: C\u00f3mo lograr una imagen de impacto -","isPartOf":{"@id":"https:\/\/myoutfie.com\/#website"},"primaryImageOfPage":{"@id":"https:\/\/myoutfie.com\/outfit-para-ejecutivos\/#primaryimage"},"image":{"@id":"https:\/\/myoutfie.com\/outfit-para-ejecutivos\/#primaryimage"},"thumbnailUrl":"","datePublished":"2019-11-15T19:43:56+00:00","description":"Outfit para ejecutivos: C\u00f3mo lograr una imagen de impacto","breadcrumb":{"@id":"https:\/\/myoutfie.com\/outfit-para-ejecutivos\/#breadcrumb"},"inLanguage":"es","potentialAction":[{"@type":"ReadAction","target":["https:\/\/myoutfie.com\/outfit-para-ejecutivos\/"]}]},{"@type":"ImageObject","inLanguage":"es","@id":"https:\/\/myoutfie.com\/outfit-para-ejecutivos\/#primaryimage","url":"","contentUrl":""},{"@type":"BreadcrumbList","@id":"https:\/\/myoutfie.com\/outfit-para-ejecutivos\/#breadcrumb","itemListElement":[{"@type":"ListItem","position":1,"name":"Home","item":"https:\/\/myoutfie.com\/"},{"@type":"ListItem","position":2,"name":"Outfit para ejecutivos: C\u00f3mo lograr una imagen de impacto"}]},{"@type":"WebSite","@id":"https:\/\/myoutfie.com\/#website","url":"https:\/\/myoutfie.com\/","name":"Outfie","description":"Asesoria de imagen, cursos de moda personal y nuestra tienda online de ropa y accesorios para optimizar tu closet","publisher":{"@id":"https:\/\/myoutfie.com\/#organization"},"potentialAction":[{"@type":"SearchAction","target":{"@type":"EntryPoint","urlTemplate":"https:\/\/myoutfie.com\/?s={search_term_string}"},"query-input":{"@type":"PropertyValueSpecification","valueRequired":true,"valueName":"search_term_string"}}],"inLanguage":"es"},{"@type":"Organization","@id":"https:\/\/myoutfie.com\/#organization","name":"Outfie","url":"https:\/\/myoutfie.com\/","logo":{"@type":"ImageObject","inLanguage":"es","@id":"https:\/\/myoutfie.com\/#\/schema\/logo\/image\/","url":"https:\/\/myoutfie.com\/wp-content\/uploads\/2024\/11\/logo-nuevo-negro-100-px.png","contentUrl":"https:\/\/myoutfie.com\/wp-content\/uploads\/2024\/11\/logo-nuevo-negro-100-px.png","width":100,"height":22,"caption":"Outfie"},"image":{"@id":"https:\/\/myoutfie.com\/#\/schema\/logo\/image\/"},"sameAs":["https:\/\/www.facebook.com\/outfieoficial","https:\/\/www.pinterest.com\/outfie"]},{"@type":"Person","@id":"https:\/\/myoutfie.com\/#\/schema\/person\/de6505ffeb6f7ee2c40acf94d2bae426","name":"Administrador","image":{"@type":"ImageObject","inLanguage":"es","@id":"https:\/\/myoutfie.com\/#\/schema\/person\/image\/","url":"https:\/\/secure.gravatar.com\/avatar\/a339dd734eeb0fd1f98ec8acfb679ae1?s=96&d=mm&r=g","contentUrl":"https:\/\/secure.gravatar.com\/avatar\/a339dd734eeb0fd1f98ec8acfb679ae1?s=96&d=mm&r=g","caption":"Administrador"},"sameAs":["https:\/\/myoutfie.com"]}]}},"_links":{"self":[{"href":"https:\/\/myoutfie.com\/es\/wp-json\/wp\/v2\/posts\/6439","targetHints":{"allow":["GET"]}}],"collection":[{"href":"https:\/\/myoutfie.com\/es\/wp-json\/wp\/v2\/posts"}],"about":[{"href":"https:\/\/myoutfie.com\/es\/wp-json\/wp\/v2\/types\/post"}],"author":[{"embeddable":true,"href":"https:\/\/myoutfie.com\/es\/wp-json\/wp\/v2\/users\/1"}],"replies":[{"embeddable":true,"href":"https:\/\/myoutfie.com\/es\/wp-json\/wp\/v2\/comments?post=6439"}],"version-history":[{"count":0,"href":"https:\/\/myoutfie.com\/es\/wp-json\/wp\/v2\/posts\/6439\/revisions"}],"wp:featuredmedia":[{"embeddable":true,"href":"https:\/\/myoutfie.com\/es\/wp-json\/"}],"wp:attachment":[{"href":"https:\/\/myoutfie.com\/es\/wp-json\/wp\/v2\/media?parent=6439"}],"wp:term":[{"taxonomy":"category","embeddable":true,"href":"https:\/\/myoutfie.com\/es\/wp-json\/wp\/v2\/categories?post=6439"},{"taxonomy":"post_tag","embeddable":true,"href":"https:\/\/myoutfie.com\/es\/wp-json\/wp\/v2\/tags?post=6439"}],"curies":[{"name":"wp","href":"https:\/\/api.w.org\/{rel}","templated":true}]}}