{"id":7733,"date":"2020-08-24T12:04:24","date_gmt":"2020-08-24T17:04:24","guid":{"rendered":"https:\/\/www.myoutfie.com\/historias\/?p=7733"},"modified":"2025-10-02T16:15:08","modified_gmt":"2025-10-02T21:15:08","slug":"tendencias-invierno-2020-cual-es-tu-favorita","status":"publish","type":"post","link":"https:\/\/myoutfie.com\/es\/tendencias-invierno-2020-cual-es-tu-favorita\/","title":{"rendered":"Tendencias invierno 2020 \u00bfCu\u00e1l es tu favorita?"},"content":{"rendered":"<p>Hablemos de las tendencias de invierno 2020 que ya est\u00e1n sobre la mesa esperando por nosotras. Aunque en algunos pa\u00edses ya estamos pensando en el verano en <em><strong>OUTFIE<\/strong><\/em> nos gusta mantenerlos informados. La clave para hacer buenas compras aparte de los b\u00e1sicos de armario es aprender a utilizar el estilismo en las prendas que est\u00e1n en tendencia.<\/p>\n<p>Las presentaciones de invierno se adaptan a todas las personalidades y estilos desde el rom\u00e1ntico hasta el dram\u00e1tico. Si eres de las que le encanta estar a la moda seguramente encontraras tu favorita.<\/p>\n<p>Hoy te mostraremos las 7 tendencias mas sobresalientes que hemos recopilado<\/p>\n<p>\u00bfCon cu\u00e1l te vas a quedar?<\/p>\n<p>\u00a0<\/p>\n<p>\u00a0<\/p>\n<h2 style=\"text-align: center;\">1. Tendencias invierno 2020: Cuadros grandes<\/h2>\n<p><a href=\"https:\/\/www.myoutfie.com\/historias\/wp-content\/uploads\/2020\/08\/Cuadros1.jpg\"><img fetchpriority=\"high\" decoding=\"async\" class=\"aligncenter wp-image-7766 size-full\" title=\"Tendencias invierno 2020\" src=\"https:\/\/www.myoutfie.com\/historias\/wp-content\/uploads\/2020\/08\/Cuadros1.jpg\" alt=\"Tendencias invierno 2020\" width=\"564\" height=\"846\" \/><\/a><\/p>\n<p>\u00a0<\/p>\n<p>Los cuadros son uno de los estampados mas vers\u00e1tiles y antiguos que existen, son una tendencia que siempre permanece a la moda. Es divertida, f\u00e1cil de crear combinaciones y puedes usarlas en varias telas. Desde utilizarlos para ir a la oficina hasta para ir al supermercado. Esta presente en abrigos, camisas y vestidos como lo muestra la imagen referencial usado con unas botas de ca\u00f1a en color rojo que le dan un toque sensual al look. El outfit 1 tiene un estampado tartan para un estilo bien grunge, puedes usarlo para ir a la universidad un d\u00eda de clases. El outfit 2 lleva un blazer un poco menos llamativo que puede ser llevado a la oficina, recordemos que mientras mas grandes los cuadros mas aumenta el volumen en esa \u00e1rea.<\/p>\n<p>Puedes conocer m\u00e1s y adquirir alguna prenda en tendencia de invierno 2020 haciendo click a continuaci\u00f3n.<\/p>\n<p>\u00a0<\/p>\n<p>\u00a0<\/p>\n<h2 style=\"text-align: center;\"><a href=\"https:\/\/myoutfie.com\/es\/outfits\/outfit-rockero\/10832\/\">Outfit 1<\/a><\/h2>\n<p><a href=\"https:\/\/myoutfie.com\/es\/outfits\/outfit-rockero\/10832\/\" target=\"_blank\" rel=\"https:\/\/www.myoutfie.com\/outfits\/outfit-rockero\/10832\/ noopener\"><img decoding=\"async\" class=\"aligncenter wp-image-7775 size-full\" title=\"Tendencias invierno 2020\" src=\"https:\/\/www.myoutfie.com\/historias\/wp-content\/uploads\/2020\/08\/1.png\" alt=\"Tendencias invierno 2020\" width=\"700\" height=\"600\" \/><\/a><\/p>\n<p>\u00a0<\/p>\n<p>\u00a0<\/p>\n<h2 style=\"text-align: center;\"><a href=\"https:\/\/myoutfie.com\/es\/outfits\/outfit-para-oficina\/10820\/\">Outfit 2<\/a><\/h2>\n<p><a href=\"https:\/\/myoutfie.com\/es\/outfits\/outfit-para-oficina\/10820\/\" target=\"_blank\" rel=\"https:\/\/www.myoutfie.com\/outfits\/outfit-para-oficina\/10820\/ noopener\"><img decoding=\"async\" class=\"aligncenter wp-image-7776 size-full\" title=\"Tendencias invierno 2020\" src=\"https:\/\/www.myoutfie.com\/historias\/wp-content\/uploads\/2020\/08\/2.png\" alt=\"Tendencias invierno 2020\" width=\"700\" height=\"600\" \/><\/a><\/p>\n<p>\u00a0<\/p>\n<p>\u00a0<\/p>\n<p>\u00a0<\/p>\n<h2 style=\"text-align: center;\">2. Tendencias invierno 2020: Color canela<\/h2>\n<p><a href=\"https:\/\/www.myoutfie.com\/historias\/wp-content\/uploads\/2020\/08\/canela2.jpg\"><img loading=\"lazy\" decoding=\"async\" class=\"aligncenter wp-image-7767 size-full\" title=\"Tendencias invierno 2020\" src=\"https:\/\/www.myoutfie.com\/historias\/wp-content\/uploads\/2020\/08\/canela2.jpg\" alt=\"Tendencias invierno 2020\" width=\"564\" height=\"845\" \/><\/a><\/p>\n<p>\u00a0<\/p>\n<p>Sin pasar desapercibido este color canela esta bien asentado entre las tendencias de este invierno 2020. Lo hemos visto en las pasarelas de alta costura y a las famosas en la <em>street style.\u00a0<\/em>Este color representa el oto\u00f1o, la tierra y el estilo elegante. Viene en varias tonalidades y a la mayor\u00eda de personas nos queda bien. Viene en blazer como lo vemos en el outfit 1 combinado con unos botines en estampado serpiente. Podemos agregar unos stilletos en color nude y para una reuni\u00f3n de negocios esta perfecto. Si tu colorimetria es c\u00e1lida el outfit 2 es una buena opci\u00f3n para un fiesta de noche, mezcla el estilo sensual con elegante.<\/p>\n<p>Puedes conocer m\u00e1s y adquirir alguna prenda en tendencia de invierno 2020 haciendo click a continuaci\u00f3n.<\/p>\n<p>\u00a0<\/p>\n<h2 style=\"text-align: center;\"><a href=\"https:\/\/myoutfie.com\/es\/outfits\/outfit-para-oficina\/10868\/\">Outfit 1<\/a><\/h2>\n<p><a href=\"https:\/\/myoutfie.com\/es\/outfits\/outfit-para-oficina\/10868\/\" target=\"_blank\" rel=\"https:\/\/www.myoutfie.com\/outfits\/outfit-para-oficina\/10868\/ noopener\"><img loading=\"lazy\" decoding=\"async\" class=\"aligncenter wp-image-7777 size-full\" title=\"Tendencias invierno 2020\" src=\"https:\/\/www.myoutfie.com\/historias\/wp-content\/uploads\/2020\/08\/3.png\" alt=\"Tendencias invierno 2020\" width=\"700\" height=\"600\" \/><\/a><\/p>\n<p>\u00a0<\/p>\n<p>\u00a0<\/p>\n<p>\u00a0<\/p>\n<h2 style=\"text-align: center;\"><a href=\"https:\/\/myoutfie.com\/es\/outfits\/outfit-para-coctel\/10876\/\">Outfit 2<\/a><\/h2>\n<p><a href=\"https:\/\/myoutfie.com\/es\/outfits\/outfit-para-coctel\/10876\/\" target=\"_blank\" rel=\"https:\/\/www.myoutfie.com\/outfits\/outfit-para-coctel\/10876\/ noopener\"><img loading=\"lazy\" decoding=\"async\" class=\"aligncenter wp-image-7778 size-full\" title=\"Tendencias invierno 2020\" src=\"https:\/\/www.myoutfie.com\/historias\/wp-content\/uploads\/2020\/08\/4.png\" alt=\"Tendencias invierno 2020\" width=\"700\" height=\"600\" \/><\/a><\/p>\n<p>\u00a0<\/p>\n<p>Recuerda que si quieres conocer m\u00e1s sobre\u00a0<strong><em>blazer de mujer<\/em>\u00a0<\/strong>puedes visitar nuestro post de <strong><a href=\"https:\/\/myoutfie.com\/es\/historias\/blazer-mujer-la-prenda-que-resiste-todas-las-temporadas\/\">Blazer mujer, la prenda que resiste todas las temporadas<\/a><\/strong><\/p>\n<p>\u00a0<\/p>\n<h2 style=\"text-align: center;\">3. Tendencias invierno 2020: Chalecos<\/h2>\n<p><a href=\"https:\/\/www.myoutfie.com\/historias\/wp-content\/uploads\/2020\/08\/chaleco1.jpg\"><img loading=\"lazy\" decoding=\"async\" class=\"aligncenter wp-image-7768 size-full\" title=\"Tendencias invierno 2020\" src=\"https:\/\/www.myoutfie.com\/historias\/wp-content\/uploads\/2020\/08\/chaleco1.jpg\" alt=\"Tendencias invierno 2020\" width=\"564\" height=\"859\" \/><\/a><\/p>\n<p>\u00a0<\/p>\n<p>Una prenda muy vers\u00e1til, te alarga la figura, le da un toque de elegancia y formalidad a tu look como lo muestra la imagen referencial. Si eres de estatura baja elige uno que llegue a la cadera y si eres alta puedes jugar con el largo del chaleco. Si eres abogada y tu c\u00f3digo de vestimenta es formal el outfit 1 es una excelente opci\u00f3n. Recuerda que para la oficina siempre debemos llevar zapatos que sean cerrados. Si tienes un almuerzo o un brunch el outfit 2 tiene una propuesta casual. Le favorece al tipo de cuerpo rect\u00e1ngulo porque hace un corte visualmente en el \u00e1rea de la cintura. Puedes encontrarlos desde modelos de sastre hasta con telas mas sueltas y delgadas.<\/p>\n<p>Puedes conocer m\u00e1s y adquirir alguna prenda en tendencia de invierno 2020 haciendo click a continuaci\u00f3n.<\/p>\n<p>\u00a0<\/p>\n<h2 style=\"text-align: center;\"><a href=\"https:\/\/myoutfie.com\/es\/outfits\/outfit-ejecutivo\/10873\/\">Outfit 1<\/a><\/h2>\n<p><a href=\"https:\/\/myoutfie.com\/es\/outfits\/outfit-ejecutivo\/10873\/\" target=\"_blank\" rel=\"https:\/\/www.myoutfie.com\/outfits\/outfit-ejecutivo\/10873\/ noopener\"><img loading=\"lazy\" decoding=\"async\" class=\"aligncenter wp-image-7779 size-full\" title=\"Tendencias invierno 2020\" src=\"https:\/\/www.myoutfie.com\/historias\/wp-content\/uploads\/2020\/08\/5.png\" alt=\"Tendencias invierno 2020\" width=\"700\" height=\"600\" \/><\/a><\/p>\n<p>\u00a0<\/p>\n<p>\u00a0<\/p>\n<h2 style=\"text-align: center;\"><a href=\"https:\/\/myoutfie.com\/es\/outfits\/outfit-para-cita\/10875\/\">Outfit 2<\/a><\/h2>\n<p><a href=\"https:\/\/myoutfie.com\/es\/outfits\/outfit-para-cita\/10875\/\" target=\"_blank\" rel=\"https:\/\/www.myoutfie.com\/outfits\/outfit-para-cita\/10875\/ noopener\"><img loading=\"lazy\" decoding=\"async\" class=\"aligncenter wp-image-7780 size-full\" title=\"Tendencias invierno 2020\" src=\"https:\/\/www.myoutfie.com\/historias\/wp-content\/uploads\/2020\/08\/6.png\" alt=\"Tendencias invierno 2020\" width=\"700\" height=\"600\" \/><\/a><\/p>\n<p>\u00a0<\/p>\n<p>\u00a0<\/p>\n<p>\u00a0<\/p>\n<h2 style=\"text-align: center;\">4. Tendencias invierno 2020: Pantalones anchos<\/h2>\n<p><a href=\"https:\/\/www.myoutfie.com\/historias\/wp-content\/uploads\/2020\/08\/pantalonancho1.jpg\"><img loading=\"lazy\" decoding=\"async\" class=\"aligncenter wp-image-7769 size-full\" title=\"Tendencias invierno 2020\" src=\"https:\/\/www.myoutfie.com\/historias\/wp-content\/uploads\/2020\/08\/pantalonancho1.jpg\" alt=\"Tendencias invierno 2020\" width=\"564\" height=\"846\" \/><\/a><\/p>\n<p>\u00a0<\/p>\n<p>El pantal\u00f3n ancho llego para quedarse, las chicas amantes de la moda lo llevan en m\u00faltiples combinaciones. La clave para verte mas alta con este pantal\u00f3n es que te llegue al ras de los zapatos como muestra la imagen referencial. Llevarlos siempre con un tac\u00f3n alto para que te aporte elegancia. Se adapta a cualquier tipo de cuerpo llevando el estilismo adecuado para resaltar el punto fuerte de tu silueta. Para las que tienen mas caderas el outfit 1 crea equilibrio en esa \u00e1rea. El estilo rom\u00e1ntico se caracteriza por llevar prendas en color rosa y detalles muy femeninos. Un cocktail es un evento al cual el outfit 2 le quedar\u00eda perfecto bien sea de d\u00eda o de noche. Combina dos tendencias de manera exitosa, como son los hombros marcados y el pantal\u00f3n ancho creando un equilibro en toda la silueta.<\/p>\n<p>Puedes conocer m\u00e1s y adquirir alguna prenda en tendencia de invierno 2020 haciendo click a continuaci\u00f3n.<\/p>\n<p>\u00a0<\/p>\n<h2 style=\"text-align: center;\"><a href=\"https:\/\/myoutfie.com\/es\/outfits\/outfit-minimal\/10871\/\">Outfit 1<\/a><\/h2>\n<p><a href=\"https:\/\/myoutfie.com\/es\/outfits\/outfit-minimal\/10871\/\" target=\"_blank\" rel=\"https:\/\/www.myoutfie.com\/outfits\/outfit-minimal\/10871\/ noopener\"><img loading=\"lazy\" decoding=\"async\" class=\"aligncenter wp-image-7781 size-full\" title=\"Tendencias invierno 2020\" src=\"https:\/\/www.myoutfie.com\/historias\/wp-content\/uploads\/2020\/08\/7.png\" alt=\"Tendencias invierno 2020\" width=\"700\" height=\"600\" \/><\/a><\/p>\n<p>\u00a0<\/p>\n<p>\u00a0<\/p>\n<h2 style=\"text-align: center;\"><a href=\"https:\/\/myoutfie.com\/es\/outfits\/outfit-para-cita\/10878\/\">Outfit 2<\/a><\/h2>\n<p><a href=\"https:\/\/myoutfie.com\/es\/outfits\/outfit-para-cita\/10878\/\" target=\"_blank\" rel=\"https:\/\/www.myoutfie.com\/outfits\/outfit-para-cita\/10878\/ noopener\"><img loading=\"lazy\" decoding=\"async\" class=\"aligncenter wp-image-7784 size-full\" title=\"Tendencias invierno 2020\" src=\"https:\/\/www.myoutfie.com\/historias\/wp-content\/uploads\/2020\/08\/8.png\" alt=\"Tendencias invierno 2020\" width=\"700\" height=\"600\" \/><\/a><\/p>\n<h2 style=\"text-align: center;\">\u00a0<\/h2>\n<p>\u00a0<\/p>\n<p>\u00a0<\/p>\n<p><a href=\"https:\/\/myoutfie.com\/es\/servicio\/asesoria-profesional-imagen-personal\/\" target=\"_blank\" rel=\"https:\/\/www.myoutfie.com\/servicio\/asesoria-profesional-imagen-personal\/ noopener\"><img loading=\"lazy\" decoding=\"async\" class=\"aligncenter wp-image-6359 size-full\" title=\"asesor-de-imagen-outfie\" src=\"https:\/\/www.myoutfie.com\/historias\/wp-content\/uploads\/2019\/11\/3.png\" alt=\"asesor-de-imagen-outfie\" width=\"560\" height=\"315\" \/><\/a><\/p>\n<p>\u00a0<\/p>\n<p>\u00a0<\/p>\n<p>\u00a0<\/p>\n<p>\u00a0<\/p>\n<p>\u00a0<\/p>\n<h2 style=\"text-align: center;\">5. Tendencias invierno 2020: Buzos deportivos<\/h2>\n<p><a href=\"https:\/\/www.myoutfie.com\/historias\/wp-content\/uploads\/2020\/08\/buzos1.jpg\"><img loading=\"lazy\" decoding=\"async\" class=\"aligncenter wp-image-7770 size-full\" title=\"Tendencias invierno 2020\" src=\"https:\/\/www.myoutfie.com\/historias\/wp-content\/uploads\/2020\/08\/buzos1.jpg\" alt=\"Tendencias invierno 2020\" width=\"563\" height=\"911\" \/><\/a><\/p>\n<p>\u00a0<\/p>\n<p>Esta tendencia no solo se utiliza para hacer deporte, vimos a todas las <em>celebrities<\/em> llevarlas a su m\u00e1xima expresi\u00f3n. Desde ir al supermercado hasta utilizarlas con botines, mules y un sinf\u00edn de combinaciones. Una buena opci\u00f3n es usarlos para trabajar desde casa porque te aportan comodidad. El outfit 1 le favorece a la silueta rect\u00e1ngulo y a un estilo minimalista. Este color gris muestran una personalidad confiable e inteligente. Si tu silueta es triangulo invertido el outfit 2 le favorece porque toda la atenci\u00f3n se centra en la parte inferior.<\/p>\n<p>Puedes conocer m\u00e1s y adquirir alguna prenda en tendencia de invierno 2020 haciendo click a continuaci\u00f3n.<\/p>\n<p>\u00a0<\/p>\n<h2 style=\"text-align: center;\"><a href=\"https:\/\/myoutfie.com\/es\/outfits\/outfit-deportivo\/10872\/\">Outfit 1<\/a><\/h2>\n<p><a href=\"https:\/\/myoutfie.com\/es\/outfits\/outfit-deportivo\/10872\/\" target=\"_blank\" rel=\"https:\/\/www.myoutfie.com\/outfits\/outfit-deportivo\/10872\/ noopener\"><img loading=\"lazy\" decoding=\"async\" class=\"aligncenter wp-image-7785 size-full\" title=\"Tendencias invierno 2020\" src=\"https:\/\/www.myoutfie.com\/historias\/wp-content\/uploads\/2020\/08\/9.png\" alt=\"Tendencias invierno 2020\" width=\"700\" height=\"600\" \/><\/a><\/p>\n<p>\u00a0<\/p>\n<p>\u00a0<\/p>\n<h2 style=\"text-align: center;\"><a href=\"https:\/\/myoutfie.com\/es\/outfits\/outfit-deportivo\/10874\/\">Outfit 2<\/a><\/h2>\n<p><a href=\"https:\/\/myoutfie.com\/es\/outfits\/outfit-deportivo\/10874\/\" target=\"_blank\" rel=\"https:\/\/www.myoutfie.com\/outfits\/outfit-deportivo\/10874\/ noopener\"><img loading=\"lazy\" decoding=\"async\" class=\"aligncenter wp-image-7786 size-full\" title=\"Tendencias invierno 2020\" src=\"https:\/\/www.myoutfie.com\/historias\/wp-content\/uploads\/2020\/08\/10.png\" alt=\"Tendencias invierno 2020\" width=\"700\" height=\"600\" \/><\/a><\/p>\n<p>\u00a0<\/p>\n<p>\u00a0<\/p>\n<p>\u00a0<\/p>\n<h2 style=\"text-align: center;\">6. Tendencias invierno 2020: Botas militares<\/h2>\n<p><a href=\"https:\/\/www.myoutfie.com\/historias\/wp-content\/uploads\/2020\/08\/botas2.jpg\"><img loading=\"lazy\" decoding=\"async\" class=\"aligncenter wp-image-7771 size-full\" title=\"Tendencias invierno 2020\" src=\"https:\/\/www.myoutfie.com\/historias\/wp-content\/uploads\/2020\/08\/botas2.jpg\" alt=\"Tendencias invierno 2020\" width=\"563\" height=\"891\" \/><\/a><\/p>\n<p>\u00a0<\/p>\n<p>Este invierno apostamos por una opci\u00f3n mas c\u00f3moda y que nos aporte ese toque de rebeld\u00eda. Esta temporada se llevan como todo lo que se te pueda ocurrir. Sabemos que su costo no es tan bajo pero es una excelente inversi\u00f3n porque vienen en muy buena calidad que te van a durar esta y otras temporadas. No importa si tienes un estilo elegante o casual siempre encontraras la manera de que se vean fabulosas como muestra la imagen referencial. Los outfit 1 y 2 podemos ver que van desde vestidos midi hasta con faldas denim. Si eres bajita opta por modelos que no tengan la suela muy gruesa ni muchos detalles porque te har\u00e1n ver mas chica.<\/p>\n<p>Puedes conocer m\u00e1s y adquirir alguna prenda en tendencia de invierno 2020 haciendo click a continuaci\u00f3n.<\/p>\n<p>\u00a0<\/p>\n<h2 style=\"text-align: center;\"><a href=\"https:\/\/myoutfie.com\/es\/outfits\/outfit-para-gorditas\/10837\/\">Outfit 1<\/a><\/h2>\n<p><a href=\"https:\/\/myoutfie.com\/es\/outfits\/outfit-para-gorditas\/10837\/\" target=\"_blank\" rel=\"https:\/\/www.myoutfie.com\/outfits\/outfit-para-gorditas\/10837\/ noopener\"><img loading=\"lazy\" decoding=\"async\" class=\"aligncenter wp-image-7787 size-full\" title=\"Tendencias invierno 2020\" src=\"https:\/\/www.myoutfie.com\/historias\/wp-content\/uploads\/2020\/08\/11.png\" alt=\"Tendencias invierno 2020\" width=\"700\" height=\"600\" \/><\/a><\/p>\n<p>\u00a0<\/p>\n<p>\u00a0<\/p>\n<p>\u00a0<\/p>\n<h2 style=\"text-align: center;\"><a href=\"https:\/\/myoutfie.com\/es\/outfits\/outfit-rockero\/10877\/\">Outfit 2<\/a><\/h2>\n<p><a href=\"https:\/\/myoutfie.com\/es\/outfits\/outfit-rockero\/10877\/\" target=\"_blank\" rel=\"https:\/\/www.myoutfie.com\/outfits\/outfit-rockero\/10877\/ noopener\"><img loading=\"lazy\" decoding=\"async\" class=\"aligncenter wp-image-7788 size-full\" title=\"Tendencias invierno 2020\" src=\"https:\/\/www.myoutfie.com\/historias\/wp-content\/uploads\/2020\/08\/12.png\" alt=\"Tendencias invierno 2020\" width=\"700\" height=\"600\" \/><\/a><\/p>\n<p>\u00a0<\/p>\n<p>Recuerda que si quieres conocer m\u00e1s sobre\u00a0<strong><em>Zapatos de moda<\/em>\u00a0<\/strong>puedes visitar nuestro post de\u00a0<strong><a href=\"https:\/\/myoutfie.com\/es\/historias\/zapatos-de-moda-mujer-2020\/\"><em>Zapatos de moda mujer 2020: Los favoritos de la temporada<\/em><\/a><\/strong><\/p>\n<p>\u00a0<\/p>\n<p>\u00a0<\/p>\n<p>\u00a0<\/p>\n<h2 style=\"text-align: center;\">7. Tendencias invierno 2020: Sastrer\u00eda<\/h2>\n<p><a href=\"https:\/\/www.myoutfie.com\/historias\/wp-content\/uploads\/2020\/08\/sastreria1.jpg\"><img loading=\"lazy\" decoding=\"async\" class=\"aligncenter wp-image-7772 size-full\" title=\"Tendencias invierno 2020\" src=\"https:\/\/www.myoutfie.com\/historias\/wp-content\/uploads\/2020\/08\/sastreria1.jpg\" alt=\"Tendencias invierno 2020\" width=\"564\" height=\"846\" \/><\/a><\/p>\n<p>\u00a0<\/p>\n<p>Principalmente el traje sastre fue creado para los hombres, a mediados del siglo XIX los dise\u00f1adores los adaptaron la sastrer\u00eda para las mujeres pero con dise\u00f1os mas entallados y que realzaran la figura de la mujer. Los trajes sastres son una parte importante en nuestro closet, nos sacan de apuros para cualquier entrevista de trabajo o alguna reuni\u00f3n donde se necesite cerrar negocio. Aportan elegancia y confiabilidad. Vienen desde los modelos oversize hasta los entallados siempre buscando que este acorde con el lugar. El outfit 1 y 2 nos muestran dos estilos de sastre los cuales son para diferentes ocasiones pero podemos darnos cuenta de que son prendas que se adaptan a cualquier ocasi\u00f3n y temporada.<\/p>\n<p>Puedes conocer m\u00e1s y adquirir alguna prenda en tendencia de invierno 2020 haciendo click a continuaci\u00f3n.<\/p>\n<p>\u00a0<\/p>\n<h2 style=\"text-align: center;\"><a href=\"https:\/\/myoutfie.com\/es\/outfits\/outfit-para-coctel\/10879\/\">Outfit 1<\/a><\/h2>\n<p><a href=\"https:\/\/myoutfie.com\/es\/outfits\/outfit-para-coctel\/10879\/\" target=\"_blank\" rel=\"https:\/\/www.myoutfie.com\/outfits\/outfit-para-coctel\/10879\/ noopener\"><img loading=\"lazy\" decoding=\"async\" class=\"aligncenter wp-image-7789 size-full\" title=\"Tendencias invierno 2020\" src=\"https:\/\/www.myoutfie.com\/historias\/wp-content\/uploads\/2020\/08\/13.png\" alt=\"Tendencias invierno 2020\" width=\"700\" height=\"600\" \/><\/a><\/p>\n<p>\u00a0<\/p>\n<p>\u00a0<\/p>\n<p>\u00a0<\/p>\n<h2 style=\"text-align: center;\"><a href=\"https:\/\/myoutfie.com\/es\/outfits\/outfit-para-oficina\/10882\/\">Outfit <\/a><\/h2>\n<p>\u00a0<\/p>\n<h2 style=\"text-align: center;\">\u00a0<\/h2>\n<p>\u00a0<\/p>\n<p>\u00a0<\/p>\n<p>\u00a0<\/p>\n<p>\u00a0<\/p>\n<p>\u00a0<\/p>\n<p>Esperamos que estos outfits en tendencia de invierno 2020 mujer te hayan gustado. Si te quedaste con ganas de ver mas outfits en tendencia, reg\u00edstrate en OUTFIE. Desde la web podr\u00e1s encontrar asesor\u00eda online, inspirarte con miles de outfits para distintas ocasiones y siluetas y comprar tus prendas favoritas. Tambi\u00e9n recuerda que si quieres un servicio exclusivo puedes solicitar la asesor\u00eda personalizada para que, con la ayuda de una profesional, encuentres nuevas formas de potenciar tu imagen personal y profesional. Esto ha sido todo por hoy. \u00a1Nos vemos en el siguiente post!<\/p>\n<p><!-- \/wp:cover --><\/p>\n<p><!-- \/wp:cover --><\/p>\n\n<!-- wp:cover {\"url\":\"https:\/\/myoutfie.com\/wp-content\/uploads\/2019\/03\/foto-catalogo-servicio-asesoria-de-imagen-premium.png\",\"id\":38673,\"dimRatio\":50,\"customOverlayColor\":\"#8b827c\",\"isUserOverlayColor\":false,\"minHeight\":444,\"minHeightUnit\":\"px\",\"isDark\":false,\"align\":\"full\",\"style\":{\"spacing\":{\"padding\":{\"top\":\"3%\",\"right\":\"0%\",\"bottom\":\"10%\",\"left\":\"5%\"},\"margin\":{\"top\":\"0\",\"bottom\":\"0\"},\"blockGap\":\"1%\"},\"color\":{\"duotone\":\"unset\"}},\"layout\":{\"type\":\"default\"}} -->\n<div class=\"wp-block-cover alignfull is-light\" style=\"margin-top:0;margin-bottom:0;padding-top:3%;padding-right:0%;padding-bottom:10%;padding-left:5%;min-height:444px\"><span aria-hidden=\"true\" class=\"wp-block-cover__background has-background-dim\" style=\"background-color:#8b827c\"><\/span><img loading=\"lazy\" decoding=\"async\" width=\"646\" height=\"431\" class=\"wp-block-cover__image-background wp-image-38673\" alt=\"\" src=\"https:\/\/myoutfie.com\/wp-content\/uploads\/2019\/03\/foto-catalogo-servicio-asesoria-de-imagen-premium.png\" data-object-fit=\"cover\" srcset=\"https:\/\/myoutfie.com\/wp-content\/uploads\/2019\/03\/foto-catalogo-servicio-asesoria-de-imagen-premium.png 646w, https:\/\/myoutfie.com\/wp-content\/uploads\/2019\/03\/foto-catalogo-servicio-asesoria-de-imagen-premium-400x267.png 400w, https:\/\/myoutfie.com\/wp-content\/uploads\/2019\/03\/foto-catalogo-servicio-asesoria-de-imagen-premium-18x12.png 18w, https:\/\/myoutfie.com\/wp-content\/uploads\/2019\/03\/foto-catalogo-servicio-asesoria-de-imagen-premium-430x287.png 430w, https:\/\/myoutfie.com\/wp-content\/uploads\/2019\/03\/foto-catalogo-servicio-asesoria-de-imagen-premium-150x100.png 150w\" sizes=\"(max-width: 646px) 100vw, 646px\" \/><div class=\"wp-block-cover__inner-container\"><!-- wp:heading {\"level\":3} -->\n<h3 class=\"wp-block-heading\">ENCUENTRA TU MEJOR VERSI\u00d3N<\/h3>\n<!-- \/wp:heading -->\n\n<!-- wp:paragraph -->\n<p>Descubre nuestros servicios de styling, asesor\u00eda de imagen y personal shopper<\/p>\n<!-- \/wp:paragraph -->\n\n<!-- wp:buttons {\"style\":{\"spacing\":{\"margin\":{\"top\":\"var:preset|spacing|30\",\"bottom\":\"var:preset|spacing|30\"}}}} -->\n<div class=\"wp-block-buttons\" style=\"margin-top:var(--wp--preset--spacing--30);margin-bottom:var(--wp--preset--spacing--30)\"><!-- wp:button {\"className\":\"is-style-fill\"} -->\n<div class=\"wp-block-button is-style-fill\"><a class=\"wp-block-button__link wp-element-button\" href=\"https:\/\/myoutfie.com\/es\/asesoria-de-imagen-integral\/\">VER PAQUETES DE ASESORIA DE IMAGEN<\/a><\/div>\n<!-- \/wp:button --><\/div>\n<!-- \/wp:buttons --><\/div><\/div>\n<!-- \/wp:cover -->","protected":false},"excerpt":{"rendered":"<p>Hablemos de las tendencias de invierno 2020 que ya est\u00e1n sobre la mesa esperando por nosotras. Aunque en algunos pa\u00edses<\/p>","protected":false},"author":1,"featured_media":31089,"comment_status":"open","ping_status":"open","sticky":false,"template":"","format":"standard","meta":{"_acf_changed":false,"footnotes":""},"categories":[1],"tags":[],"class_list":["post-7733","post","type-post","status-publish","format-standard","has-post-thumbnail","hentry","category-uncategorized"],"acf":[],"yoast_head":"<!-- This site is optimized with the Yoast SEO plugin v26.8 - https:\/\/yoast.com\/product\/yoast-seo-wordpress\/ -->\n<title>Tendencias invierno 2020 \u00bfCu\u00e1l es tu favorita? - Outfie<\/title>\n<meta name=\"description\" content=\"Tendencias invierno 2020 \u00bfCu\u00e1l es tu favorita?\" \/>\n<meta name=\"robots\" content=\"index, follow, max-snippet:-1, max-image-preview:large, max-video-preview:-1\" \/>\n<link rel=\"canonical\" href=\"https:\/\/myoutfie.com\/es\/tendencias-invierno-2020-cual-es-tu-favorita\/\" \/>\n<meta property=\"og:locale\" content=\"es_MX\" \/>\n<meta property=\"og:type\" content=\"article\" \/>\n<meta property=\"og:title\" content=\"Tendencias invierno 2020 \u00bfCu\u00e1l es tu favorita? - Outfie\" \/>\n<meta property=\"og:description\" content=\"Tendencias invierno 2020 \u00bfCu\u00e1l es tu favorita?\" \/>\n<meta property=\"og:url\" content=\"https:\/\/myoutfie.com\/es\/tendencias-invierno-2020-cual-es-tu-favorita\/\" \/>\n<meta property=\"og:site_name\" content=\"Outfie\" \/>\n<meta property=\"article:publisher\" content=\"https:\/\/www.facebook.com\/outfieoficial\" \/>\n<meta property=\"article:published_time\" content=\"2020-08-24T17:04:24+00:00\" \/>\n<meta property=\"article:modified_time\" content=\"2025-10-02T21:15:08+00:00\" \/>\n<meta property=\"og:image\" content=\"https:\/\/myoutfie.com\/wp-content\/uploads\/2022\/01\/TENDENCIAS-INVIERNO-20201-1-scaled.jpg\" \/>\n\t<meta property=\"og:image:width\" content=\"2560\" \/>\n\t<meta property=\"og:image:height\" content=\"1707\" \/>\n\t<meta property=\"og:image:type\" content=\"image\/jpeg\" \/>\n<meta name=\"author\" content=\"Administrador\" \/>\n<meta name=\"twitter:card\" content=\"summary_large_image\" \/>\n<meta name=\"twitter:label1\" content=\"Escrito por\" \/>\n\t<meta name=\"twitter:data1\" content=\"Administrador\" \/>\n\t<meta name=\"twitter:label2\" content=\"Tiempo de lectura\" \/>\n\t<meta name=\"twitter:data2\" content=\"11 minutos\" \/>\n<script type=\"application\/ld+json\" class=\"yoast-schema-graph\">{\"@context\":\"https:\/\/schema.org\",\"@graph\":[{\"@type\":\"Article\",\"@id\":\"https:\/\/myoutfie.com\/tendencias-invierno-2020-cual-es-tu-favorita\/#article\",\"isPartOf\":{\"@id\":\"https:\/\/myoutfie.com\/tendencias-invierno-2020-cual-es-tu-favorita\/\"},\"author\":{\"name\":\"Administrador\",\"@id\":\"https:\/\/myoutfie.com\/#\/schema\/person\/de6505ffeb6f7ee2c40acf94d2bae426\"},\"headline\":\"Tendencias invierno 2020 \u00bfCu\u00e1l es tu favorita?\",\"datePublished\":\"2020-08-24T17:04:24+00:00\",\"dateModified\":\"2025-10-02T21:15:08+00:00\",\"mainEntityOfPage\":{\"@id\":\"https:\/\/myoutfie.com\/tendencias-invierno-2020-cual-es-tu-favorita\/\"},\"wordCount\":1298,\"commentCount\":0,\"publisher\":{\"@id\":\"https:\/\/myoutfie.com\/#organization\"},\"image\":{\"@id\":\"https:\/\/myoutfie.com\/tendencias-invierno-2020-cual-es-tu-favorita\/#primaryimage\"},\"thumbnailUrl\":\"https:\/\/myoutfie.com\/wp-content\/uploads\/2022\/01\/TENDENCIAS-INVIERNO-20201-1-scaled.jpg\",\"articleSection\":[\"Uncategorized\"],\"inLanguage\":\"es\"},{\"@type\":\"WebPage\",\"@id\":\"https:\/\/myoutfie.com\/tendencias-invierno-2020-cual-es-tu-favorita\/\",\"url\":\"https:\/\/myoutfie.com\/tendencias-invierno-2020-cual-es-tu-favorita\/\",\"name\":\"Tendencias invierno 2020 \u00bfCu\u00e1l es tu favorita? - Outfie\",\"isPartOf\":{\"@id\":\"https:\/\/myoutfie.com\/#website\"},\"primaryImageOfPage\":{\"@id\":\"https:\/\/myoutfie.com\/tendencias-invierno-2020-cual-es-tu-favorita\/#primaryimage\"},\"image\":{\"@id\":\"https:\/\/myoutfie.com\/tendencias-invierno-2020-cual-es-tu-favorita\/#primaryimage\"},\"thumbnailUrl\":\"https:\/\/myoutfie.com\/wp-content\/uploads\/2022\/01\/TENDENCIAS-INVIERNO-20201-1-scaled.jpg\",\"datePublished\":\"2020-08-24T17:04:24+00:00\",\"dateModified\":\"2025-10-02T21:15:08+00:00\",\"description\":\"Tendencias invierno 2020 \u00bfCu\u00e1l es tu favorita?\",\"breadcrumb\":{\"@id\":\"https:\/\/myoutfie.com\/tendencias-invierno-2020-cual-es-tu-favorita\/#breadcrumb\"},\"inLanguage\":\"es\",\"potentialAction\":[{\"@type\":\"ReadAction\",\"target\":[\"https:\/\/myoutfie.com\/tendencias-invierno-2020-cual-es-tu-favorita\/\"]}]},{\"@type\":\"ImageObject\",\"inLanguage\":\"es\",\"@id\":\"https:\/\/myoutfie.com\/tendencias-invierno-2020-cual-es-tu-favorita\/#primaryimage\",\"url\":\"https:\/\/myoutfie.com\/wp-content\/uploads\/2022\/01\/TENDENCIAS-INVIERNO-20201-1-scaled.jpg\",\"contentUrl\":\"https:\/\/myoutfie.com\/wp-content\/uploads\/2022\/01\/TENDENCIAS-INVIERNO-20201-1-scaled.jpg\",\"width\":2560,\"height\":1707,\"caption\":\"TENDENCIAS INVIERNO\"},{\"@type\":\"BreadcrumbList\",\"@id\":\"https:\/\/myoutfie.com\/tendencias-invierno-2020-cual-es-tu-favorita\/#breadcrumb\",\"itemListElement\":[{\"@type\":\"ListItem\",\"position\":1,\"name\":\"Home\",\"item\":\"https:\/\/myoutfie.com\/\"},{\"@type\":\"ListItem\",\"position\":2,\"name\":\"Tendencias invierno 2020 \u00bfCu\u00e1l es tu favorita?\"}]},{\"@type\":\"WebSite\",\"@id\":\"https:\/\/myoutfie.com\/#website\",\"url\":\"https:\/\/myoutfie.com\/\",\"name\":\"Outfie\",\"description\":\"Asesoria de imagen, cursos de moda personal y nuestra tienda online de ropa y accesorios para optimizar tu closet\",\"publisher\":{\"@id\":\"https:\/\/myoutfie.com\/#organization\"},\"potentialAction\":[{\"@type\":\"SearchAction\",\"target\":{\"@type\":\"EntryPoint\",\"urlTemplate\":\"https:\/\/myoutfie.com\/?s={search_term_string}\"},\"query-input\":{\"@type\":\"PropertyValueSpecification\",\"valueRequired\":true,\"valueName\":\"search_term_string\"}}],\"inLanguage\":\"es\"},{\"@type\":\"Organization\",\"@id\":\"https:\/\/myoutfie.com\/#organization\",\"name\":\"Outfie\",\"url\":\"https:\/\/myoutfie.com\/\",\"logo\":{\"@type\":\"ImageObject\",\"inLanguage\":\"es\",\"@id\":\"https:\/\/myoutfie.com\/#\/schema\/logo\/image\/\",\"url\":\"https:\/\/myoutfie.com\/wp-content\/uploads\/2024\/11\/logo-nuevo-negro-100-px.png\",\"contentUrl\":\"https:\/\/myoutfie.com\/wp-content\/uploads\/2024\/11\/logo-nuevo-negro-100-px.png\",\"width\":100,\"height\":22,\"caption\":\"Outfie\"},\"image\":{\"@id\":\"https:\/\/myoutfie.com\/#\/schema\/logo\/image\/\"},\"sameAs\":[\"https:\/\/www.facebook.com\/outfieoficial\",\"https:\/\/www.pinterest.com\/outfie\"]},{\"@type\":\"Person\",\"@id\":\"https:\/\/myoutfie.com\/#\/schema\/person\/de6505ffeb6f7ee2c40acf94d2bae426\",\"name\":\"Administrador\",\"image\":{\"@type\":\"ImageObject\",\"inLanguage\":\"es\",\"@id\":\"https:\/\/myoutfie.com\/#\/schema\/person\/image\/\",\"url\":\"https:\/\/secure.gravatar.com\/avatar\/a339dd734eeb0fd1f98ec8acfb679ae1?s=96&d=mm&r=g\",\"contentUrl\":\"https:\/\/secure.gravatar.com\/avatar\/a339dd734eeb0fd1f98ec8acfb679ae1?s=96&d=mm&r=g\",\"caption\":\"Administrador\"},\"sameAs\":[\"https:\/\/myoutfie.com\"]}]}<\/script>\n<!-- \/ Yoast SEO plugin. -->","yoast_head_json":{"title":"Tendencias invierno 2020 \u00bfCu\u00e1l es tu favorita? - Outfie","description":"Tendencias invierno 2020 \u00bfCu\u00e1l es tu favorita?","robots":{"index":"index","follow":"follow","max-snippet":"max-snippet:-1","max-image-preview":"max-image-preview:large","max-video-preview":"max-video-preview:-1"},"canonical":"https:\/\/myoutfie.com\/es\/tendencias-invierno-2020-cual-es-tu-favorita\/","og_locale":"es_MX","og_type":"article","og_title":"Tendencias invierno 2020 \u00bfCu\u00e1l es tu favorita? - Outfie","og_description":"Tendencias invierno 2020 \u00bfCu\u00e1l es tu favorita?","og_url":"https:\/\/myoutfie.com\/es\/tendencias-invierno-2020-cual-es-tu-favorita\/","og_site_name":"Outfie","article_publisher":"https:\/\/www.facebook.com\/outfieoficial","article_published_time":"2020-08-24T17:04:24+00:00","article_modified_time":"2025-10-02T21:15:08+00:00","og_image":[{"width":2560,"height":1707,"url":"https:\/\/myoutfie.com\/wp-content\/uploads\/2022\/01\/TENDENCIAS-INVIERNO-20201-1-scaled.jpg","type":"image\/jpeg"}],"author":"Administrador","twitter_card":"summary_large_image","twitter_misc":{"Escrito por":"Administrador","Tiempo de lectura":"11 minutos"},"schema":{"@context":"https:\/\/schema.org","@graph":[{"@type":"Article","@id":"https:\/\/myoutfie.com\/tendencias-invierno-2020-cual-es-tu-favorita\/#article","isPartOf":{"@id":"https:\/\/myoutfie.com\/tendencias-invierno-2020-cual-es-tu-favorita\/"},"author":{"name":"Administrador","@id":"https:\/\/myoutfie.com\/#\/schema\/person\/de6505ffeb6f7ee2c40acf94d2bae426"},"headline":"Tendencias invierno 2020 \u00bfCu\u00e1l es tu favorita?","datePublished":"2020-08-24T17:04:24+00:00","dateModified":"2025-10-02T21:15:08+00:00","mainEntityOfPage":{"@id":"https:\/\/myoutfie.com\/tendencias-invierno-2020-cual-es-tu-favorita\/"},"wordCount":1298,"commentCount":0,"publisher":{"@id":"https:\/\/myoutfie.com\/#organization"},"image":{"@id":"https:\/\/myoutfie.com\/tendencias-invierno-2020-cual-es-tu-favorita\/#primaryimage"},"thumbnailUrl":"https:\/\/myoutfie.com\/wp-content\/uploads\/2022\/01\/TENDENCIAS-INVIERNO-20201-1-scaled.jpg","articleSection":["Uncategorized"],"inLanguage":"es"},{"@type":"WebPage","@id":"https:\/\/myoutfie.com\/tendencias-invierno-2020-cual-es-tu-favorita\/","url":"https:\/\/myoutfie.com\/tendencias-invierno-2020-cual-es-tu-favorita\/","name":"Tendencias invierno 2020 \u00bfCu\u00e1l es tu favorita? - Outfie","isPartOf":{"@id":"https:\/\/myoutfie.com\/#website"},"primaryImageOfPage":{"@id":"https:\/\/myoutfie.com\/tendencias-invierno-2020-cual-es-tu-favorita\/#primaryimage"},"image":{"@id":"https:\/\/myoutfie.com\/tendencias-invierno-2020-cual-es-tu-favorita\/#primaryimage"},"thumbnailUrl":"https:\/\/myoutfie.com\/wp-content\/uploads\/2022\/01\/TENDENCIAS-INVIERNO-20201-1-scaled.jpg","datePublished":"2020-08-24T17:04:24+00:00","dateModified":"2025-10-02T21:15:08+00:00","description":"Tendencias invierno 2020 \u00bfCu\u00e1l es tu favorita?","breadcrumb":{"@id":"https:\/\/myoutfie.com\/tendencias-invierno-2020-cual-es-tu-favorita\/#breadcrumb"},"inLanguage":"es","potentialAction":[{"@type":"ReadAction","target":["https:\/\/myoutfie.com\/tendencias-invierno-2020-cual-es-tu-favorita\/"]}]},{"@type":"ImageObject","inLanguage":"es","@id":"https:\/\/myoutfie.com\/tendencias-invierno-2020-cual-es-tu-favorita\/#primaryimage","url":"https:\/\/myoutfie.com\/wp-content\/uploads\/2022\/01\/TENDENCIAS-INVIERNO-20201-1-scaled.jpg","contentUrl":"https:\/\/myoutfie.com\/wp-content\/uploads\/2022\/01\/TENDENCIAS-INVIERNO-20201-1-scaled.jpg","width":2560,"height":1707,"caption":"TENDENCIAS INVIERNO"},{"@type":"BreadcrumbList","@id":"https:\/\/myoutfie.com\/tendencias-invierno-2020-cual-es-tu-favorita\/#breadcrumb","itemListElement":[{"@type":"ListItem","position":1,"name":"Home","item":"https:\/\/myoutfie.com\/"},{"@type":"ListItem","position":2,"name":"Tendencias invierno 2020 \u00bfCu\u00e1l es tu favorita?"}]},{"@type":"WebSite","@id":"https:\/\/myoutfie.com\/#website","url":"https:\/\/myoutfie.com\/","name":"Outfie","description":"Asesoria de imagen, cursos de moda personal y nuestra tienda online de ropa y accesorios para optimizar tu closet","publisher":{"@id":"https:\/\/myoutfie.com\/#organization"},"potentialAction":[{"@type":"SearchAction","target":{"@type":"EntryPoint","urlTemplate":"https:\/\/myoutfie.com\/?s={search_term_string}"},"query-input":{"@type":"PropertyValueSpecification","valueRequired":true,"valueName":"search_term_string"}}],"inLanguage":"es"},{"@type":"Organization","@id":"https:\/\/myoutfie.com\/#organization","name":"Outfie","url":"https:\/\/myoutfie.com\/","logo":{"@type":"ImageObject","inLanguage":"es","@id":"https:\/\/myoutfie.com\/#\/schema\/logo\/image\/","url":"https:\/\/myoutfie.com\/wp-content\/uploads\/2024\/11\/logo-nuevo-negro-100-px.png","contentUrl":"https:\/\/myoutfie.com\/wp-content\/uploads\/2024\/11\/logo-nuevo-negro-100-px.png","width":100,"height":22,"caption":"Outfie"},"image":{"@id":"https:\/\/myoutfie.com\/#\/schema\/logo\/image\/"},"sameAs":["https:\/\/www.facebook.com\/outfieoficial","https:\/\/www.pinterest.com\/outfie"]},{"@type":"Person","@id":"https:\/\/myoutfie.com\/#\/schema\/person\/de6505ffeb6f7ee2c40acf94d2bae426","name":"Administrador","image":{"@type":"ImageObject","inLanguage":"es","@id":"https:\/\/myoutfie.com\/#\/schema\/person\/image\/","url":"https:\/\/secure.gravatar.com\/avatar\/a339dd734eeb0fd1f98ec8acfb679ae1?s=96&d=mm&r=g","contentUrl":"https:\/\/secure.gravatar.com\/avatar\/a339dd734eeb0fd1f98ec8acfb679ae1?s=96&d=mm&r=g","caption":"Administrador"},"sameAs":["https:\/\/myoutfie.com"]}]}},"_links":{"self":[{"href":"https:\/\/myoutfie.com\/es\/wp-json\/wp\/v2\/posts\/7733","targetHints":{"allow":["GET"]}}],"collection":[{"href":"https:\/\/myoutfie.com\/es\/wp-json\/wp\/v2\/posts"}],"about":[{"href":"https:\/\/myoutfie.com\/es\/wp-json\/wp\/v2\/types\/post"}],"author":[{"embeddable":true,"href":"https:\/\/myoutfie.com\/es\/wp-json\/wp\/v2\/users\/1"}],"replies":[{"embeddable":true,"href":"https:\/\/myoutfie.com\/es\/wp-json\/wp\/v2\/comments?post=7733"}],"version-history":[{"count":3,"href":"https:\/\/myoutfie.com\/es\/wp-json\/wp\/v2\/posts\/7733\/revisions"}],"predecessor-version":[{"id":38689,"href":"https:\/\/myoutfie.com\/es\/wp-json\/wp\/v2\/posts\/7733\/revisions\/38689"}],"wp:featuredmedia":[{"embeddable":true,"href":"https:\/\/myoutfie.com\/es\/wp-json\/wp\/v2\/media\/31089"}],"wp:attachment":[{"href":"https:\/\/myoutfie.com\/es\/wp-json\/wp\/v2\/media?parent=7733"}],"wp:term":[{"taxonomy":"category","embeddable":true,"href":"https:\/\/myoutfie.com\/es\/wp-json\/wp\/v2\/categories?post=7733"},{"taxonomy":"post_tag","embeddable":true,"href":"https:\/\/myoutfie.com\/es\/wp-json\/wp\/v2\/tags?post=7733"}],"curies":[{"name":"wp","href":"https:\/\/api.w.org\/{rel}","templated":true}]}}